{"id":1637,"date":"2017-11-29T11:58:58","date_gmt":"2017-11-29T10:58:58","guid":{"rendered":"https:\/\/swissmig.wordpress.com\/?p=1637"},"modified":"2017-11-29T11:58:58","modified_gmt":"2017-11-29T10:58:58","slug":"jeunes-sans-papiers-damerique-latine-en-suisse-ou-devenir-adulte-sur-fond-de-recomposition-de-roles","status":"publish","type":"post","link":"https:\/\/swissmig.unine.ch\/?p=1637","title":{"rendered":"Jeunes sans-papiers d\u2019Am\u00e9rique latine en Suisse ou devenir adulte sur fond de recomposition de r\u00f4les"},"content":{"rendered":"<h3>Author(s) : Myrian Carbajal, Nathalie Ljuslin<\/h3>\n<h3>Source : <a href=\"https:\/\/www.erudit.org\/fr\/revues\/lsp\/2010-n64-lsp1509575\/1001404ar\/\" target=\"_blank\" rel=\"noopener\">https:\/\/www.erudit.org\/fr\/revues\/lsp\/2010-n64-lsp1509575\/1001404ar\/<\/a><\/h3>\n<p><strong>Abstract: <\/strong><!--more--><\/p>\n<blockquote>\n<div class=\"journalAbstract\">\n<div>\n<div id=\"articleAbstract\">\n<div class=\"Abstracts\">\n<div id=\"aep-abstract-id6\" class=\"abstract author\" lang=\"en\">\n<div id=\"aep-abstract-sec-id7\">\n<div class=\"NLM_sec NLM_sec_level_1\">\n<div class=\"panel-pane pane-content-field pane-field-abstract\">\n<div class=\"pane-content\">\n<div class=\"field field-type-text field-field-abstract\">\n<section id=\"resume-fr\" class=\"resume\">Partant de deux entretiens embl\u00e9matiques parmi la quinzaine que les auteures ont eus avec de jeunes latino-am\u00e9ricains et latino-am\u00e9ricaines sans autorisation de s\u00e9jour en Suisse, l\u2019article analyse les recompositions des relations et des r\u00f4les familiaux dans la migration du point de vue des jeunes. En examinant d\u2019une part la nouvelle attribution des r\u00f4les familiaux dans le cadre de la famille transnationale et d\u2019autre part l\u2019acquisition de nouveaux r\u00f4les chez ces jeunes devenant peu \u00e0 peu adultes, l\u2019article cherche \u00e0 r\u00e9pondre \u00e0 la question suivante\u00a0: En quoi la migration, l\u2019appartenance \u00e0 une famille transnationale et le statut de sans-papiers acc\u00e9l\u00e8rent-ils, infl\u00e9chissent-ils ou red\u00e9finissent-ils le passage \u00e0 l\u2019\u00e2ge adulte et les reconfigurations familiales qui l\u2019accompagnent\u00a0?<\/p>\n<\/section>\n<section id=\"resume-en\" class=\"resume\">\n<h3 class=\"titreparal\"><\/h3>\n<p>Beginning with two representative interviews from the more than a dozen the authors conducted with young Latin Americans living illegally in Switzerland, this paper explores, from the point of view of youth, how family roles and relationships are redefined in migration. By examining the new assignment of family roles characteristic of the transnational family and the way in which these young people take on new roles as they gradually enter adulthood, the paper seeks to answer the following question: In what way do migration, being part of a transnational family and illegal status accelerate, influence or redefine the passage to adulthood and the family reconfigurations that ensue?<\/p>\n<\/section>\n<\/div>\n<\/div>\n<\/div>\n<\/div>\n<\/div>\n<\/div>\n<\/div>\n<\/div>\n<\/div>\n<\/div>\n<\/blockquote>\n","protected":false},"excerpt":{"rendered":"<p>Author(s) : Myrian Carbajal, Nathalie Ljuslin Source : https:\/\/www.erudit.org\/fr\/revues\/lsp\/2010-n64-lsp1509575\/1001404ar\/ Abstract:<\/p>\n","protected":false},"author":4,"featured_media":0,"comment_status":"open","ping_status":"open","sticky":false,"template":"","format":"standard","meta":{"_kadence_starter_templates_imported_post":false,"_kad_post_transparent":"","_kad_post_title":"","_kad_post_layout":"","_kad_post_sidebar_id":"","_kad_post_content_style":"","_kad_post_vertical_padding":"","_kad_post_feature":"","_kad_post_feature_position":"","_kad_post_header":false,"_kad_post_footer":false,"_kad_post_classname":"","jetpack_post_was_ever_published":false,"_jetpack_newsletter_access":"","_jetpack_dont_email_post_to_subs":false,"_jetpack_newsletter_tier_id":0,"_jetpack_memberships_contains_paywalled_content":false,"_jetpack_memberships_contains_paid_content":false,"footnotes":""},"categories":[24],"tags":[131,260,7,281,176,147,52,261,104,91,26,262],"class_list":["post-1637","post","type-post","status-publish","format-standard","hentry","category-society-family-racism","tag-131","tag-adulthood","tag-article","tag-belonging","tag-economic-integration","tag-family-reunification","tag-french-language","tag-latin-americans","tag-living-conditions","tag-social-integration","tag-transnationalism","tag-undocumented-immigrants"],"jetpack_featured_media_url":"","jetpack_sharing_enabled":true,"_links":{"self":[{"href":"https:\/\/swissmig.unine.ch\/index.php?rest_route=\/wp\/v2\/posts\/1637","targetHints":{"allow":["GET"]}}],"collection":[{"href":"https:\/\/swissmig.unine.ch\/index.php?rest_route=\/wp\/v2\/posts"}],"about":[{"href":"https:\/\/swissmig.unine.ch\/index.php?rest_route=\/wp\/v2\/types\/post"}],"author":[{"embeddable":true,"href":"https:\/\/swissmig.unine.ch\/index.php?rest_route=\/wp\/v2\/users\/4"}],"replies":[{"embeddable":true,"href":"https:\/\/swissmig.unine.ch\/index.php?rest_route=%2Fwp%2Fv2%2Fcomments&post=1637"}],"version-history":[{"count":0,"href":"https:\/\/swissmig.unine.ch\/index.php?rest_route=\/wp\/v2\/posts\/1637\/revisions"}],"wp:attachment":[{"href":"https:\/\/swissmig.unine.ch\/index.php?rest_route=%2Fwp%2Fv2%2Fmedia&parent=1637"}],"wp:term":[{"taxonomy":"category","embeddable":true,"href":"https:\/\/swissmig.unine.ch\/index.php?rest_route=%2Fwp%2Fv2%2Fcategories&post=1637"},{"taxonomy":"post_tag","embeddable":true,"href":"https:\/\/swissmig.unine.ch\/index.php?rest_route=%2Fwp%2Fv2%2Ftags&post=1637"}],"curies":[{"name":"wp","href":"https:\/\/api.w.org\/{rel}","templated":true}]}}