{"id":16231,"date":"2020-09-02T08:00:00","date_gmt":"2020-09-02T07:00:00","guid":{"rendered":"https:\/\/swissmig.wordpress.com\/?p=16231"},"modified":"2020-09-02T08:00:00","modified_gmt":"2020-09-02T07:00:00","slug":"die-integration-der-auslandischen-bevolkerung-in-gemeinschaftszentren-studie-zuhanden-der-zurcher-gemeinschaftszentren-bachwiesen-heuried-und-loogarten","status":"publish","type":"post","link":"https:\/\/swissmig.unine.ch\/?p=16231","title":{"rendered":"Die Integration der ausl\u00e4ndischen Bev\u00f6lkerung in Gemeinschaftszentren: Studie zuhanden der Z\u00fcrcher Gemeinschaftszentren Bachwiesen, Heuried und Loogarten"},"content":{"rendered":"<h3>Author(s) : Hans Mahnig, Martin Niederberger, Janine Dahinden<\/h3>\n<h3>Source : <a href=\"https:\/\/libra.unine.ch\/handle\/123456789\/18005\" target=\"_blank\" rel=\"noopener\">https:\/\/libra.unine.ch\/handle\/123456789\/18005<\/a><\/h3>\n<p><strong>Abstract: <\/strong><!--more--><\/p>\n<blockquote>\n<div class=\"hlFld-Abstract\">\n<div class=\"abstractSection abstractInFull\">\n<p>&#8220;Ausgangspunkt der Studie waren die von den Gemeinschaftszentren Bachwiesen, Heuried und Loogarten empfundenen Schwierigkeiten, einerseits gewisse Gruppen von Migrantinnen und Migranten &#8211; vor allem Frauen und M\u00e4dchen bestimmter Natio-nalit\u00e4ten &#8211; nicht in gen\u00fcgendem Masse in ihre Arbeit einbeziehen zu k\u00f6nnen, ande-rerseits Konflikte mit jugendlichen Ausl\u00e4ndern zu erfahren, welche die GZ&#8217;s in \u00fcber-durchschnittlichem Masse besuchen. Die Studie versucht deshalb die Frage zu be-antworten, wie die in den Quartieren Albisrieden, Altstetten und Wiedikon lebende ausl\u00e4ndische Bev\u00f6lkerung st\u00e4rker in die T\u00e4tigkeit der Gemeinschaftszentren einbe-zogen werden kann. In der Einleitung wird kurz ein \u00dcberblick \u00fcber die Immigrationssituation in europ\u00e4ischen St\u00e4dten gegeben und der Frage nachgegangen, was &#8220;Integration im Quartier&#8221; eigentlich genau bedeutet, welche Probleme sich den mit dieser Aufgabe betrauten Institutionen stellen, und welche grunds\u00e4tzlichen Handlungsm\u00f6glichkeiten ihnen offenstehen. Der Bericht gliedert sich anschliessend in drei Teile: Erstens wird aufgrund der Auswertung der Daten des statistischen Amtes der Stadt Z\u00fcrich ein \u00dcberblick \u00fcber die Zusammensetzung der ausl\u00e4ndischen Bev\u00f6lkerung in den Kreisen 3 und 9 gegeben: Welches sind die wichtigsten Nationalit\u00e4ten, die in diesen Stadtteilen leben und welchen Altersgruppen geh\u00f6ren sie an? Zweitens werden &#8211; auf der Basis von Interviews mit verschiedenen Migrantenorganisationen der drei Quartiere &#8211; deren Ziele und Probleme sowie ihre Einstellung gegen\u00fcber GZs vorgestellt. Es folgt drittens, anhand einer Reihe von Gespr\u00e4chen mit Schl\u00fcsselpersonen &#8211; sowohl Vertretern von Migrantinnen und Migranten wie der schweizerischen Bev\u00f6lkerung -, eine Pr\u00e4sentation davon, wie das Thema Immigration in den Quartieren wahrgenommen und wie die Arbeit der GZ&#8217;s in diesem Bereich eingesch\u00e4tzt wird. Aufgrund der in diesen drei Teilen pr\u00e4sentierten Resultate formuliert der Bericht schliesslich eine Reihe von Anregungen und Vorschl\u00e4ge f\u00fcr zuk\u00fcnftige Aktivit\u00e4ten der GZ&#8217;s im Integrationsbereich.&#8221;<\/p>\n<p><strong>Keywords<\/strong>: attitudes towards migrants, SFM Studies, refugees, perception, integration policy<\/p>\n<\/div>\n<\/div>\n<\/blockquote>\n","protected":false},"excerpt":{"rendered":"<p>Author(s) : Hans Mahnig, Martin Niederberger, Janine Dahinden Source :&#8230;<\/p>\n","protected":false},"author":4,"featured_media":0,"comment_status":"open","ping_status":"open","sticky":false,"template":"","format":"standard","meta":{"_kadence_starter_templates_imported_post":false,"_kad_post_transparent":"","_kad_post_title":"","_kad_post_layout":"","_kad_post_sidebar_id":"","_kad_post_content_style":"","_kad_post_vertical_padding":"","_kad_post_feature":"","_kad_post_feature_position":"","_kad_post_header":false,"_kad_post_footer":false,"_kad_post_classname":"","jetpack_post_was_ever_published":false,"_jetpack_newsletter_access":"","_jetpack_dont_email_post_to_subs":false,"_jetpack_newsletter_tier_id":0,"_jetpack_memberships_contains_paywalled_content":false,"_jetpack_memberships_contains_paid_content":false,"footnotes":""},"categories":[24],"tags":[241,37,483,120,28,73,387,154,411,249,327,645,91,376,246],"class_list":["post-16231","post","type-post","status-publish","format-standard","hentry","category-society-family-racism","tag-241","tag-attitudes-towards-migrants","tag-communities","tag-data-analysis","tag-foreigners","tag-german-language","tag-integration-policy","tag-interviews","tag-perception","tag-report","tag-research","tag-sfm-studies","tag-social-integration","tag-urban-areas","tag-zurich"],"jetpack_featured_media_url":"","jetpack_sharing_enabled":true,"_links":{"self":[{"href":"https:\/\/swissmig.unine.ch\/index.php?rest_route=\/wp\/v2\/posts\/16231","targetHints":{"allow":["GET"]}}],"collection":[{"href":"https:\/\/swissmig.unine.ch\/index.php?rest_route=\/wp\/v2\/posts"}],"about":[{"href":"https:\/\/swissmig.unine.ch\/index.php?rest_route=\/wp\/v2\/types\/post"}],"author":[{"embeddable":true,"href":"https:\/\/swissmig.unine.ch\/index.php?rest_route=\/wp\/v2\/users\/4"}],"replies":[{"embeddable":true,"href":"https:\/\/swissmig.unine.ch\/index.php?rest_route=%2Fwp%2Fv2%2Fcomments&post=16231"}],"version-history":[{"count":0,"href":"https:\/\/swissmig.unine.ch\/index.php?rest_route=\/wp\/v2\/posts\/16231\/revisions"}],"wp:attachment":[{"href":"https:\/\/swissmig.unine.ch\/index.php?rest_route=%2Fwp%2Fv2%2Fmedia&parent=16231"}],"wp:term":[{"taxonomy":"category","embeddable":true,"href":"https:\/\/swissmig.unine.ch\/index.php?rest_route=%2Fwp%2Fv2%2Fcategories&post=16231"},{"taxonomy":"post_tag","embeddable":true,"href":"https:\/\/swissmig.unine.ch\/index.php?rest_route=%2Fwp%2Fv2%2Ftags&post=16231"}],"curies":[{"name":"wp","href":"https:\/\/api.w.org\/{rel}","templated":true}]}}