{"id":16226,"date":"2020-09-02T08:00:00","date_gmt":"2020-09-02T07:00:00","guid":{"rendered":"https:\/\/swissmig.wordpress.com\/?p=16226"},"modified":"2020-09-02T08:00:00","modified_gmt":"2020-09-02T07:00:00","slug":"acces-aux-prestations-municipales-de-proximite-collectivites-migrantes-dans-les-quartiers-de-la-ville-de-geneve","status":"publish","type":"post","link":"https:\/\/swissmig.unine.ch\/?p=16226","title":{"rendered":"Acc\u00e8s aux prestations municipales de proximit\u00e9 : collectivit\u00e9s migrantes dans les quartiers de la Ville de Gen\u00e8ve"},"content":{"rendered":"<h3>Author(s) : Martina Ambruso, Denise Efionayi-M\u00e4der, Didier Ruedin<\/h3>\n<h3>Source : <a href=\"https:\/\/libra.unine.ch\/handle\/123456789\/4694\" target=\"_blank\" rel=\"noopener\">https:\/\/libra.unine.ch\/handle\/123456789\/4694<\/a><\/h3>\n<p><strong>Abstract: <\/strong><!--more--><\/p>\n<blockquote>\n<div class=\"hlFld-Abstract\">\n<div class=\"abstractSection abstractInFull\">\n<p>&#8220;Gen\u00e8ve affiche le taux de population migrante le plus \u00e9lev\u00e9 de Suisse et se caract\u00e9rise par une forte mobilit\u00e9 internationale de sa population, tr\u00e8s diverse du point de vue socio-\u00e9conomique et en termes d\u2019origines, de trajectoires. Dans ce contexte, le D\u00e9partement de la coh\u00e9sion sociale et de la solidarit\u00e9 (DCSS) de la Ville de Gen\u00e8ve, en collaboration avec le Bureau de l\u2019int\u00e9gration des \u00e9trangers du Canton, a charg\u00e9 le SFM de l\u2019Universit\u00e9 de Neuch\u00e2tel de mener une \u00e9tude sur l\u2019accessibilit\u00e9 de son offre de services : le but est d\u2019appr\u00e9cier dans quelle mesure les habitant\u00b7e\u00b7s migrant\u00b7e\u00b7s, font appel aux prestations municipales de proximit\u00e9. Les r\u00e9sultats soulignent, entre autres, le potentiel de l\u2019intervention sociale de proximit\u00e9 facilitant les contacts personnels et un conseil sur mesure : une d\u00e9marche qui se r\u00e9v\u00e8le particuli\u00e8rement pr\u00e9cieuse pour r\u00e9pondre aux besoins des personnes migrantes vuln\u00e9rables. L\u2019examen de diff\u00e9rentes prestations met \u00e9galement en \u00e9vidence les obstacles communicationnels, administratifs et financiers, ainsi que les diverses mesures d\u00e9j\u00e0 prises par la Ville pour y faire face.&#8221;<\/p>\n<p><strong>Keywords: <\/strong>cantons, communities, SFM Studies, integration programmes, integration policys, social integration, multiculturalism, cultural diversity, Geneva<\/p>\n<\/div>\n<\/div>\n<\/blockquote>\n","protected":false},"excerpt":{"rendered":"<p>Author(s) : Martina Ambruso, Denise Efionayi-M\u00e4der, Didier Ruedin Source :&#8230;<\/p>\n","protected":false},"author":4,"featured_media":0,"comment_status":"open","ping_status":"open","sticky":false,"template":"","format":"standard","meta":{"_kadence_starter_templates_imported_post":false,"_kad_post_transparent":"","_kad_post_title":"","_kad_post_layout":"","_kad_post_sidebar_id":"","_kad_post_content_style":"","_kad_post_vertical_padding":"","_kad_post_feature":"","_kad_post_feature_position":"","_kad_post_header":false,"_kad_post_footer":false,"_kad_post_classname":"","jetpack_post_was_ever_published":false,"_jetpack_newsletter_access":"","_jetpack_dont_email_post_to_subs":false,"_jetpack_newsletter_tier_id":0,"_jetpack_memberships_contains_paywalled_content":false,"_jetpack_memberships_contains_paid_content":false,"footnotes":""},"categories":[12],"tags":[48,273,483,173,409,52,341,387,160,180,249,91,340,144],"class_list":["post-16226","post","type-post","status-publish","format-standard","hentry","category-politics","tag-48","tag-cantons","tag-communities","tag-cross-cultural-communication","tag-cultural-diversity","tag-french-language","tag-geneva","tag-integration-policy","tag-integration-programmes","tag-multiculturalism","tag-report","tag-social-integration","tag-social-support","tag-vulnerability"],"jetpack_featured_media_url":"","jetpack_sharing_enabled":true,"_links":{"self":[{"href":"https:\/\/swissmig.unine.ch\/index.php?rest_route=\/wp\/v2\/posts\/16226","targetHints":{"allow":["GET"]}}],"collection":[{"href":"https:\/\/swissmig.unine.ch\/index.php?rest_route=\/wp\/v2\/posts"}],"about":[{"href":"https:\/\/swissmig.unine.ch\/index.php?rest_route=\/wp\/v2\/types\/post"}],"author":[{"embeddable":true,"href":"https:\/\/swissmig.unine.ch\/index.php?rest_route=\/wp\/v2\/users\/4"}],"replies":[{"embeddable":true,"href":"https:\/\/swissmig.unine.ch\/index.php?rest_route=%2Fwp%2Fv2%2Fcomments&post=16226"}],"version-history":[{"count":0,"href":"https:\/\/swissmig.unine.ch\/index.php?rest_route=\/wp\/v2\/posts\/16226\/revisions"}],"wp:attachment":[{"href":"https:\/\/swissmig.unine.ch\/index.php?rest_route=%2Fwp%2Fv2%2Fmedia&parent=16226"}],"wp:term":[{"taxonomy":"category","embeddable":true,"href":"https:\/\/swissmig.unine.ch\/index.php?rest_route=%2Fwp%2Fv2%2Fcategories&post=16226"},{"taxonomy":"post_tag","embeddable":true,"href":"https:\/\/swissmig.unine.ch\/index.php?rest_route=%2Fwp%2Fv2%2Ftags&post=16226"}],"curies":[{"name":"wp","href":"https:\/\/api.w.org\/{rel}","templated":true}]}}