{"id":1622,"date":"2017-11-29T10:40:00","date_gmt":"2017-11-29T09:40:00","guid":{"rendered":"https:\/\/swissmig.wordpress.com\/?p=1622"},"modified":"2017-11-29T10:40:00","modified_gmt":"2017-11-29T09:40:00","slug":"italiennes-et-espagnoles-en-suisse-a-lapproche-de-lage-de-la-retraite","status":"publish","type":"post","link":"https:\/\/swissmig.unine.ch\/?p=1622","title":{"rendered":"Italiennes et Espagnoles en Suisse \u00e0 l&#8217;approche de l&#8217;\u00e2ge de la retraite"},"content":{"rendered":"<h3>Author(s) : Rosita Fibbi, Claudio Bolzman, Marie Vial, Michelle Guillon, Daniel Noin<\/h3>\n<h3>Source : <a href=\"http:\/\/www.persee.fr\/doc\/remi_0765-0752_1999_num_15_2_1679\" target=\"_blank\" rel=\"noopener\">http:\/\/www.persee.fr\/doc\/remi_0765-0752_1999_num_15_2_1679<\/a><\/h3>\n<p><strong>Abstract: <\/strong><!--more--><\/p>\n<blockquote>\n<div class=\"journalAbstract\">\n<div>\n<div id=\"articleAbstract\">\n<div class=\"Abstracts\">\n<div id=\"aep-abstract-id6\" class=\"abstract author\" lang=\"en\">\n<div id=\"aep-abstract-sec-id7\">\n<div class=\"NLM_sec NLM_sec_level_1\">\n<div class=\"panel-pane pane-content-field pane-field-abstract\">\n<div class=\"pane-content\">\n<div class=\"field field-type-text field-field-abstract\">\n<div class=\"field-items\">Sur la base des donn\u00e9es relatives \u00e0 une \u00e9tude qui concerne les Italien(ne)s et les Espagnol(e)s r\u00e9sidant en Suisse \u00e0 l&#8217;approche de l&#8217;\u00e2ge de la retraite, les auteurs abordent la condition de la femme immigr\u00e9e. Ils traitent des mod\u00e8les d&#8217;incorporation des femmes immigr\u00e9es sur le march\u00e9 du travail, de la mani\u00e8re dont cette activit\u00e9 extra familiale est \u00e9valu\u00e9e et ressentie en termes de sant\u00e9, de son impact sur les r\u00f4les familiaux, des caract\u00e9ristiques des r\u00e9seaux de sociabilit\u00e9 b\u00e2tis au gr\u00e9 des nombreuses ann\u00e9es de permanence en immigration et, finalement, des projets quant au lieu futur de r\u00e9sidence, une fois atteint l&#8217;\u00e2ge de la retraite.<\/div>\n<div><\/div>\n<div>Based on findings concerning a study of Italian and Spanish immigrant women in Switzerland nearing retirement age, the authors deal with the question of the condition of immigrant women. The authors discuss the models of incorporation of immigrant women into the labour market, the way in which this extra-family activity is estimated and perceived in terms of health and its impact on roles within the family, the characteristics of social networks constructed throughout the years of immigration, and finally, the immigrants&#8217; projects concerning their future residence once they have reached retirement age.<\/div>\n<\/div>\n<\/div>\n<\/div>\n<\/div>\n<\/div>\n<\/div>\n<\/div>\n<\/div>\n<\/div>\n<\/div>\n<\/blockquote>\n","protected":false},"excerpt":{"rendered":"<p>Author(s) : Rosita Fibbi, Claudio Bolzman, Marie Vial, Michelle Guillon,&#8230;<\/p>\n","protected":false},"author":4,"featured_media":0,"comment_status":"open","ping_status":"open","sticky":false,"template":"","format":"standard","meta":{"_kadence_starter_templates_imported_post":false,"_kad_post_transparent":"","_kad_post_title":"","_kad_post_layout":"","_kad_post_sidebar_id":"","_kad_post_content_style":"","_kad_post_vertical_padding":"","_kad_post_feature":"","_kad_post_feature_position":"","_kad_post_header":false,"_kad_post_footer":false,"_kad_post_classname":"","jetpack_post_was_ever_published":false,"_jetpack_newsletter_access":"","_jetpack_dont_email_post_to_subs":false,"_jetpack_newsletter_tier_id":0,"_jetpack_memberships_contains_paywalled_content":false,"_jetpack_memberships_contains_paid_content":false,"footnotes":""},"categories":[24],"tags":[425,317,7,176,142,52,87,17,175,19,46,91,207,349,201],"class_list":["post-1622","post","type-post","status-publish","format-standard","hentry","category-society-family-racism","tag-425","tag-ageing","tag-article","tag-economic-integration","tag-elderly","tag-french-language","tag-history","tag-immigrants","tag-italians","tag-labour-market","tag-return-migration","tag-social-integration","tag-social-networks","tag-spaniards","tag-women"],"jetpack_featured_media_url":"","jetpack_sharing_enabled":true,"_links":{"self":[{"href":"https:\/\/swissmig.unine.ch\/index.php?rest_route=\/wp\/v2\/posts\/1622","targetHints":{"allow":["GET"]}}],"collection":[{"href":"https:\/\/swissmig.unine.ch\/index.php?rest_route=\/wp\/v2\/posts"}],"about":[{"href":"https:\/\/swissmig.unine.ch\/index.php?rest_route=\/wp\/v2\/types\/post"}],"author":[{"embeddable":true,"href":"https:\/\/swissmig.unine.ch\/index.php?rest_route=\/wp\/v2\/users\/4"}],"replies":[{"embeddable":true,"href":"https:\/\/swissmig.unine.ch\/index.php?rest_route=%2Fwp%2Fv2%2Fcomments&post=1622"}],"version-history":[{"count":0,"href":"https:\/\/swissmig.unine.ch\/index.php?rest_route=\/wp\/v2\/posts\/1622\/revisions"}],"wp:attachment":[{"href":"https:\/\/swissmig.unine.ch\/index.php?rest_route=%2Fwp%2Fv2%2Fmedia&parent=1622"}],"wp:term":[{"taxonomy":"category","embeddable":true,"href":"https:\/\/swissmig.unine.ch\/index.php?rest_route=%2Fwp%2Fv2%2Fcategories&post=1622"},{"taxonomy":"post_tag","embeddable":true,"href":"https:\/\/swissmig.unine.ch\/index.php?rest_route=%2Fwp%2Fv2%2Ftags&post=1622"}],"curies":[{"name":"wp","href":"https:\/\/api.w.org\/{rel}","templated":true}]}}