{"id":1618,"date":"2017-11-29T10:15:09","date_gmt":"2017-11-29T09:15:09","guid":{"rendered":"https:\/\/swissmig.wordpress.com\/?p=1618"},"modified":"2017-11-29T10:15:09","modified_gmt":"2017-11-29T09:15:09","slug":"la-deuxieme-generation-dimmigres-en-suisse-categorie-ou-acteur-social","status":"publish","type":"post","link":"https:\/\/swissmig.unine.ch\/?p=1618","title":{"rendered":"La deuxi\u00e8me g\u00e9n\u00e9ration d&#8217;immigr\u00e9s en Suisse : cat\u00e9gorie ou acteur social ?"},"content":{"rendered":"<h3>Author(s) : Claudio Bolzman, Rosita Fibbi, Carlos Garcia<\/h3>\n<h3>Source : <a href=\"http:\/\/www.persee.fr\/doc\/remi_0765-0752_1987_num_3_1_1127\" target=\"_blank\" rel=\"noopener\">http:\/\/www.persee.fr\/doc\/remi_0765-0752_1987_num_3_1_1127<\/a><\/h3>\n<p><strong>Abstract: <\/strong><!--more--><\/p>\n<blockquote>\n<div class=\"journalAbstract\">\n<div>\n<div id=\"articleAbstract\">\n<div class=\"Abstracts\">\n<div id=\"aep-abstract-id6\" class=\"abstract author\" lang=\"en\">\n<div id=\"aep-abstract-sec-id7\">\n<div class=\"NLM_sec NLM_sec_level_1\">\n<div class=\"panel-pane pane-content-field pane-field-abstract\">\n<div class=\"pane-content\">\n<div class=\"field field-type-text field-field-abstract\">\n<div class=\"field-items\">\n<div id=\"pa1\" class=\"para\">\n<div>\n<div class=\"abstract\">La probl\u00e9matique de cet article porte sur les crit\u00e8res de d\u00e9marcation des groupes et les conditions d&#8217;\u00e9mergence d&#8217;acteurs sociaux. La comparaison entre la deuxi\u00e8me g\u00e9n\u00e9ration d&#8217;immigr\u00e9s en Suisse et les jeunes issus de la migration en France, permet de mettre en \u00e9vidence le r\u00f4le central de l&#8217;Etat dans l&#8217;\u00e9tablissement des d\u00e9nominations, et donc dans le contenu politique des clivages institu\u00e9s. Le passage des tactiques individuelles \u00e0 l&#8217;action collective est conditionn\u00e9 \u00e0 la fois par la gestion \u00e9tatique de la migration, et par le fonctionnement du syst\u00e8me politique et son interaction avec le champ social. Les conditions sociales des individus faisant partie de la cat\u00e9gorie vont ult\u00e9rieurement d\u00e9terminer la possibilit\u00e9 de l&#8217;\u00e9mergence d&#8217;acteurs sociaux porteurs de revendications autant identitaires que socio-politiques.<\/div>\n<div><\/div>\n<\/div>\n<div>This paper is concerned with delimiting characteristic criteria of social groups and the conditions under which groups become social actors. A comparison of the second generation of migrants in Switzerland and the descendants of migrants in France has allowed us to bring to the fore the central us to indicate the role of the State in the creation of political cleavages, in this case, between foreigners and nationals. The migration policy, on the one hand, and the relationship between the political system and the social environment, on the other, are the main factors affecting the transition from the individual approach to migration issues, to collective action. The social conditions of individuals belonging to the category will ultimately determine the rise of new social actors, flghting for both respect of ethnic identity and socio-political rights.<\/div>\n<\/div>\n<\/div>\n<\/div>\n<\/div>\n<\/div>\n<\/div>\n<\/div>\n<\/div>\n<\/div>\n<\/div>\n<\/div>\n<\/div>\n<\/blockquote>\n","protected":false},"excerpt":{"rendered":"<p>Author(s) : Claudio Bolzman, Rosita Fibbi, Carlos Garcia Source :&#8230;<\/p>\n","protected":false},"author":4,"featured_media":0,"comment_status":"open","ping_status":"open","sticky":false,"template":"","format":"standard","meta":{"_kadence_starter_templates_imported_post":false,"_kad_post_transparent":"","_kad_post_title":"","_kad_post_layout":"","_kad_post_sidebar_id":"","_kad_post_content_style":"","_kad_post_vertical_padding":"","_kad_post_feature":"","_kad_post_feature_position":"","_kad_post_header":false,"_kad_post_footer":false,"_kad_post_classname":"","jetpack_post_was_ever_published":false,"_jetpack_newsletter_access":"","_jetpack_dont_email_post_to_subs":false,"_jetpack_newsletter_tier_id":0,"_jetpack_memberships_contains_paywalled_content":false,"_jetpack_memberships_contains_paid_content":false,"footnotes":""},"categories":[24],"tags":[431,7,307,57,151,259,197,52,36,145,91],"class_list":["post-1618","post","type-post","status-publish","format-standard","hentry","category-society-family-racism","tag-431","tag-article","tag-civil-and-political-rights","tag-comparative-analysis","tag-cultural-identity","tag-ethnicity","tag-france","tag-french-language","tag-migration-policy","tag-second-generation","tag-social-integration"],"jetpack_featured_media_url":"","jetpack_sharing_enabled":true,"_links":{"self":[{"href":"https:\/\/swissmig.unine.ch\/index.php?rest_route=\/wp\/v2\/posts\/1618","targetHints":{"allow":["GET"]}}],"collection":[{"href":"https:\/\/swissmig.unine.ch\/index.php?rest_route=\/wp\/v2\/posts"}],"about":[{"href":"https:\/\/swissmig.unine.ch\/index.php?rest_route=\/wp\/v2\/types\/post"}],"author":[{"embeddable":true,"href":"https:\/\/swissmig.unine.ch\/index.php?rest_route=\/wp\/v2\/users\/4"}],"replies":[{"embeddable":true,"href":"https:\/\/swissmig.unine.ch\/index.php?rest_route=%2Fwp%2Fv2%2Fcomments&post=1618"}],"version-history":[{"count":0,"href":"https:\/\/swissmig.unine.ch\/index.php?rest_route=\/wp\/v2\/posts\/1618\/revisions"}],"wp:attachment":[{"href":"https:\/\/swissmig.unine.ch\/index.php?rest_route=%2Fwp%2Fv2%2Fmedia&parent=1618"}],"wp:term":[{"taxonomy":"category","embeddable":true,"href":"https:\/\/swissmig.unine.ch\/index.php?rest_route=%2Fwp%2Fv2%2Fcategories&post=1618"},{"taxonomy":"post_tag","embeddable":true,"href":"https:\/\/swissmig.unine.ch\/index.php?rest_route=%2Fwp%2Fv2%2Ftags&post=1618"}],"curies":[{"name":"wp","href":"https:\/\/api.w.org\/{rel}","templated":true}]}}