{"id":1616,"date":"2017-11-29T10:09:45","date_gmt":"2017-11-29T09:09:45","guid":{"rendered":"https:\/\/swissmig.wordpress.com\/?p=1616"},"modified":"2026-03-26T08:56:47","modified_gmt":"2026-03-26T07:56:47","slug":"vers-une-internationalisation-de-la-politique-migratoire-suisse","status":"publish","type":"post","link":"https:\/\/swissmig.unine.ch\/?p=1616","title":{"rendered":"Vers une internationalisation de la politique migratoire suisse ?"},"content":{"rendered":"<h3>Author(s) : Rosita Fibbi, Sandro Cattacin<\/h3>\n<h3>Source : <a href=\"https:\/\/shs.hal.science\/halshs-04641763\/\" target=\"_blank\" rel=\"noopener\">https:\/\/shs.hal.science\/halshs-04641763\/<\/a><\/h3>\n<h3>Source : <a href=\"https:\/\/archive-ouverte.unige.ch\/unige:40786\" target=\"_blank\" rel=\"noopener\">https:\/\/archive-ouverte.unige.ch\/unige:40786<\/a><\/h3>\n<p><strong>Abstract: <\/strong><!--more--><\/p>\n<blockquote>\n<div class=\"journalAbstract\">\n<div>\n<div id=\"articleAbstract\">\n<div class=\"Abstracts\">\n<div id=\"aep-abstract-id6\" class=\"abstract author\" lang=\"en\">\n<div id=\"aep-abstract-sec-id7\">\n<div class=\"NLM_sec NLM_sec_level_1\">\n<div class=\"panel-pane pane-content-field pane-field-abstract\">\n<div class=\"pane-content\">\n<div class=\"field field-type-text field-field-abstract\">\n<div class=\"field-items\">\n<div id=\"pa1\" class=\"para\">\n<div>\n<div class=\"abstract\">\n<div id=\"ASec1\" class=\"AbstractSection\">\n<section id=\"Abs1\" class=\"Abstract\" lang=\"en\">Nous proposons une analyse multidimensionnelle de la politique migratoire suisse avec un aper\u00e7u des modifications de variables nationales et internationales et en particulier un approfondissement du jeu des influences entre facteurs internes et externes. Les variables que nous consid\u00e9rons comme les principales pour cette analyse sont, au niveau national, les changements socio-d\u00e9mographiques ainsi que les modifications de l&#8217;ar\u00e8ne politique et des int\u00e9r\u00eats \u00e9conomiques. Au niveau international, ce sont notamment des transformations du syst\u00e8me politique supranational, ainsi que l&#8217;acc\u00e9l\u00e9ration des interd\u00e9pendances \u00e9conomiques (avec des effets de mondialisation non seulement dans le domaine \u00e9conomique et financier, mais aussi dans celui des flux migratoires) qui nous semblent expliquer, dans un contexte historique profond\u00e9ment transform\u00e9, les r\u00e9ponses formul\u00e9es dans les ann\u00e9es quatre-vingt-dix en mati\u00e8re migratoire en Suisse.<\/section>\n<section lang=\"en\"><\/section>\n<\/div>\n<section lang=\"en\">We are putting forward a multi-dimensional analysis of the Swiss migration policy with brief outline of the modifications of national and international variables and, in particular, more thorough examination of the interaction between external and internal factors. The main variables that we are taking into account for this analysis are, on a national level socio-demographic changes as well as modifications in the political arena and economic interests. At an international level, the transformations in the supra-national political system, as well as an acceleration of economic interdependence (with the effects of globalisation not only in the economic and financial domain, but also in migratory flows) seem to explain, within profoundly transformed historic context, the response of Switerland in terms of migration policy during the 1990&#8217;s.<\/section>\n<\/div>\n<\/div>\n<\/div>\n<\/div>\n<\/div>\n<\/div>\n<\/div>\n<\/div>\n<\/div>\n<\/div>\n<\/div>\n<\/div>\n<\/div>\n<\/div>\n<\/blockquote>\n","protected":false},"excerpt":{"rendered":"<p>Author(s) : Rosita Fibbi, Sandro Cattacin Source : https:\/\/shs.hal.science\/halshs-04641763\/ Source&#8230;<\/p>\n","protected":false},"author":4,"featured_media":0,"comment_status":"open","ping_status":"open","sticky":false,"template":"","format":"standard","meta":{"_kadence_starter_templates_imported_post":false,"_kad_post_transparent":"","_kad_post_title":"","_kad_post_layout":"","_kad_post_sidebar_id":"","_kad_post_content_style":"","_kad_post_vertical_padding":"","_kad_post_feature":"","_kad_post_feature_position":"","_kad_post_header":false,"_kad_post_footer":false,"_kad_post_classname":"","jetpack_post_was_ever_published":false,"_jetpack_newsletter_access":"","_jetpack_dont_email_post_to_subs":false,"_jetpack_newsletter_tier_id":0,"_jetpack_memberships_contains_paywalled_content":false,"_jetpack_memberships_contains_paid_content":false,"footnotes":""},"categories":[12],"tags":[241,7,52,301,87,218,20,36,94,279],"class_list":["post-1616","post","type-post","status-publish","format-standard","hentry","category-politics","tag-241","tag-article","tag-french-language","tag-globalization","tag-history","tag-international-relations","tag-migration-flows","tag-migration-policy","tag-political-system","tag-socioeconomic-factors"],"jetpack_featured_media_url":"","jetpack_sharing_enabled":true,"_links":{"self":[{"href":"https:\/\/swissmig.unine.ch\/index.php?rest_route=\/wp\/v2\/posts\/1616","targetHints":{"allow":["GET"]}}],"collection":[{"href":"https:\/\/swissmig.unine.ch\/index.php?rest_route=\/wp\/v2\/posts"}],"about":[{"href":"https:\/\/swissmig.unine.ch\/index.php?rest_route=\/wp\/v2\/types\/post"}],"author":[{"embeddable":true,"href":"https:\/\/swissmig.unine.ch\/index.php?rest_route=\/wp\/v2\/users\/4"}],"replies":[{"embeddable":true,"href":"https:\/\/swissmig.unine.ch\/index.php?rest_route=%2Fwp%2Fv2%2Fcomments&post=1616"}],"version-history":[{"count":1,"href":"https:\/\/swissmig.unine.ch\/index.php?rest_route=\/wp\/v2\/posts\/1616\/revisions"}],"predecessor-version":[{"id":38661,"href":"https:\/\/swissmig.unine.ch\/index.php?rest_route=\/wp\/v2\/posts\/1616\/revisions\/38661"}],"wp:attachment":[{"href":"https:\/\/swissmig.unine.ch\/index.php?rest_route=%2Fwp%2Fv2%2Fmedia&parent=1616"}],"wp:term":[{"taxonomy":"category","embeddable":true,"href":"https:\/\/swissmig.unine.ch\/index.php?rest_route=%2Fwp%2Fv2%2Fcategories&post=1616"},{"taxonomy":"post_tag","embeddable":true,"href":"https:\/\/swissmig.unine.ch\/index.php?rest_route=%2Fwp%2Fv2%2Ftags&post=1616"}],"curies":[{"name":"wp","href":"https:\/\/api.w.org\/{rel}","templated":true}]}}