{"id":1614,"date":"2017-11-29T10:04:00","date_gmt":"2017-11-29T09:04:00","guid":{"rendered":"https:\/\/swissmig.wordpress.com\/?p=1614"},"modified":"2017-11-29T10:04:00","modified_gmt":"2017-11-29T09:04:00","slug":"la-pratique-de-la-naturalisation-en-suisse-un-apercu-statistique","status":"publish","type":"post","link":"https:\/\/swissmig.unine.ch\/?p=1614","title":{"rendered":"La pratique de la naturalisation en Suisse: un aper\u00e7u statistique"},"content":{"rendered":"<h3>Author(s) : Philippe Wanner, Etienne Piguet<\/h3>\n<h3>Source : <a href=\"https:\/\/www.cairn.info\/revue-population-2002-6-page-913.htm\" target=\"_blank\" rel=\"noopener\">https:\/\/www.cairn.info\/revue-population-2002-6-page-913.htm<\/a><\/h3>\n<p><strong>Abstract: <\/strong><!--more--><\/p>\n<blockquote>\n<div class=\"journalAbstract\">\n<div>\n<div id=\"articleAbstract\">\n<div class=\"Abstracts\">\n<div id=\"aep-abstract-id6\" class=\"abstract author\" lang=\"en\">\n<div id=\"aep-abstract-sec-id7\">\n<div class=\"NLM_sec NLM_sec_level_1\">\n<div class=\"panel-pane pane-content-field pane-field-abstract\">\n<div class=\"pane-content\">\n<div class=\"field field-type-text field-field-abstract\">\n<div class=\"field-items\">\n<div id=\"pa1\" class=\"para\">\n<div>\n<div class=\"abstract\">\n<div id=\"ASec1\" class=\"AbstractSection\">\n<section id=\"Abs1\" class=\"Abstract\" lang=\"en\"><span class=\"lettrine\">R<\/span>eposant sur un syst\u00e8me de d\u00e9cision \u00e0 trois niveaux (communal, cantonal et f\u00e9d\u00e9ral) unique au monde, la naturalisation est au c\u0153ur d\u2019un d\u00e9bat politique en Suisse, dans le cadre de la discussion r\u00e9cursive de la politique migratoire et de la politique d\u2019int\u00e9gration des \u00e9trangers. Le syst\u00e8me f\u00e9d\u00e9raliste r\u00e9glementant la naturalisation a r\u00e9cemment montr\u00e9 ses limites, avec l\u2019existence de pratiques discriminatoires au niveau de certaines communes et pour certains groupes d\u2019\u00e9trangers. C\u2019est une des raisons expliquant pourquoi une proc\u00e9dure de consultation est en cours, visant \u00e0 modifier la loi pour faciliter l\u2019acc\u00e8s \u00e0 la nationalit\u00e9 suisse aux deuxi\u00e8me et troisi\u00e8me g\u00e9n\u00e9rations de migrants.<\/section>\n<\/div>\n<\/div>\n<\/div>\n<\/div>\n<\/div>\n<\/div>\n<\/div>\n<\/div>\n<\/div>\n<\/div>\n<\/div>\n<\/div>\n<\/div>\n<\/div>\n<\/div>\n<\/blockquote>\n","protected":false},"excerpt":{"rendered":"<p>Author(s) : Philippe Wanner, Etienne Piguet Source : https:\/\/www.cairn.info\/revue-population-2002-6-page-913.htm Abstract:<\/p>\n","protected":false},"author":4,"featured_media":0,"comment_status":"open","ping_status":"open","sticky":false,"template":"","format":"standard","meta":{"_kadence_starter_templates_imported_post":false,"_kad_post_transparent":"","_kad_post_title":"","_kad_post_layout":"","_kad_post_sidebar_id":"","_kad_post_content_style":"","_kad_post_vertical_padding":"","_kad_post_feature":"","_kad_post_feature_position":"","_kad_post_header":false,"_kad_post_footer":false,"_kad_post_classname":"","jetpack_post_was_ever_published":false,"_jetpack_newsletter_access":"","_jetpack_dont_email_post_to_subs":false,"_jetpack_newsletter_tier_id":0,"_jetpack_memberships_contains_paywalled_content":false,"_jetpack_memberships_contains_paid_content":false,"footnotes":""},"categories":[12],"tags":[346,7,191,82,52,36,93,145,91,143,374],"class_list":["post-1614","post","type-post","status-publish","format-standard","hentry","category-politics","tag-346","tag-article","tag-demography","tag-ethnic-discrimination","tag-french-language","tag-migration-policy","tag-naturalization","tag-second-generation","tag-social-integration","tag-statistical-data","tag-third-generation"],"jetpack_featured_media_url":"","jetpack_sharing_enabled":true,"_links":{"self":[{"href":"https:\/\/swissmig.unine.ch\/index.php?rest_route=\/wp\/v2\/posts\/1614","targetHints":{"allow":["GET"]}}],"collection":[{"href":"https:\/\/swissmig.unine.ch\/index.php?rest_route=\/wp\/v2\/posts"}],"about":[{"href":"https:\/\/swissmig.unine.ch\/index.php?rest_route=\/wp\/v2\/types\/post"}],"author":[{"embeddable":true,"href":"https:\/\/swissmig.unine.ch\/index.php?rest_route=\/wp\/v2\/users\/4"}],"replies":[{"embeddable":true,"href":"https:\/\/swissmig.unine.ch\/index.php?rest_route=%2Fwp%2Fv2%2Fcomments&post=1614"}],"version-history":[{"count":0,"href":"https:\/\/swissmig.unine.ch\/index.php?rest_route=\/wp\/v2\/posts\/1614\/revisions"}],"wp:attachment":[{"href":"https:\/\/swissmig.unine.ch\/index.php?rest_route=%2Fwp%2Fv2%2Fmedia&parent=1614"}],"wp:term":[{"taxonomy":"category","embeddable":true,"href":"https:\/\/swissmig.unine.ch\/index.php?rest_route=%2Fwp%2Fv2%2Fcategories&post=1614"},{"taxonomy":"post_tag","embeddable":true,"href":"https:\/\/swissmig.unine.ch\/index.php?rest_route=%2Fwp%2Fv2%2Ftags&post=1614"}],"curies":[{"name":"wp","href":"https:\/\/api.w.org\/{rel}","templated":true}]}}