{"id":1608,"date":"2017-11-26T21:23:29","date_gmt":"2017-11-26T20:23:29","guid":{"rendered":"https:\/\/swissmig.wordpress.com\/?p=1608"},"modified":"2017-11-26T21:23:29","modified_gmt":"2017-11-26T20:23:29","slug":"parcours-dintegration-detrangers-en-milieux-plurilingues-la-cas-du-canton-de-fribourg-suisse","status":"publish","type":"post","link":"https:\/\/swissmig.unine.ch\/?p=1608","title":{"rendered":"Parcours d&#8217;int\u00e9gration d&#8217;\u00e9trangers en milieux plurilingues : la cas du canton de Fribourg (Suisse)"},"content":{"rendered":"<h3>Author(s) : Josianne Veillette, Aline Gohard-Radenkovic<\/h3>\n<h3>Source : <a href=\"http:\/\/books.openedition.org\/septentrion\/14072?lang=fr\" target=\"_blank\" rel=\"noopener\">http:\/\/books.openedition.org\/septentrion\/14072?lang=fr<\/a><\/h3>\n<p><strong>Abstract: <\/strong><!--more--><\/p>\n<blockquote>\n<div class=\"journalAbstract\">\n<div>\n<div id=\"articleAbstract\">\n<div class=\"Abstracts\">\n<div id=\"aep-abstract-id6\" class=\"abstract author\" lang=\"en\">\n<div id=\"aep-abstract-sec-id7\">\n<div class=\"NLM_sec NLM_sec_level_1\">\n<div class=\"panel-pane pane-content-field pane-field-abstract\">\n<div class=\"pane-content\">\n<div class=\"field field-type-text field-field-abstract\">\n<div class=\"field-items\">\n<div id=\"pa1\" class=\"para\">\n<div>\n<div class=\"abstract\">On ne peut comprendre la situation des \u00e9trangers et la diversit\u00e9 de leur parcours \u00ab d\u2019int\u00e9gration par la langue \u00bb sans les recontextualiser dans un pays qui pr\u00e9sente une grande complexit\u00e9. La Suisse conna\u00eet en effet une grande h\u00e9t\u00e9rog\u00e9n\u00e9it\u00e9, tant sur les plans linguistiques, culturels que politiques, qui fait que la conception de \u00ab l\u2019int\u00e9gration \u00bb diff\u00e8re souvent d\u2019une r\u00e9gion linguistique \u00e0 une autre ou d\u2019un canton \u00e0 l\u2019autre. C\u2019est dans ce contexte pluriel de situations \u00e0 \u00ab g\u00e9om\u00e9trie variable \u00bb que se pose la question des dispositifs et des ressources pour la formation linguistique des \u00e9trangers en Suisse, dont la situation se complexifie dans les contextes bi-plurilingues.<\/div>\n<\/div>\n<\/div>\n<\/div>\n<\/div>\n<\/div>\n<\/div>\n<\/div>\n<\/div>\n<\/div>\n<\/div>\n<\/div>\n<\/div>\n<\/div>\n<\/blockquote>\n","protected":false},"excerpt":{"rendered":"<p>Author(s) : Josianne Veillette, Aline Gohard-Radenkovic Source : http:\/\/books.openedition.org\/septentrion\/14072?lang=fr Abstract:<\/p>\n","protected":false},"author":4,"featured_media":0,"comment_status":"open","ping_status":"open","sticky":false,"template":"","format":"standard","meta":{"_kadence_starter_templates_imported_post":false,"_kad_post_transparent":"","_kad_post_title":"","_kad_post_layout":"","_kad_post_sidebar_id":"","_kad_post_content_style":"","_kad_post_vertical_padding":"","_kad_post_feature":"","_kad_post_feature_position":"","_kad_post_header":false,"_kad_post_footer":false,"_kad_post_classname":"","jetpack_post_was_ever_published":false,"_jetpack_newsletter_access":"","_jetpack_dont_email_post_to_subs":false,"_jetpack_newsletter_tier_id":0,"_jetpack_memberships_contains_paywalled_content":false,"_jetpack_memberships_contains_paid_content":false,"footnotes":""},"categories":[12],"tags":[255,32,52,429,17,387,372,94],"class_list":["post-1608","post","type-post","status-publish","format-standard","hentry","category-politics","tag-255","tag-book-chapter","tag-french-language","tag-fribourg","tag-immigrants","tag-integration-policy","tag-multilingualism","tag-political-system"],"jetpack_featured_media_url":"","jetpack_sharing_enabled":true,"_links":{"self":[{"href":"https:\/\/swissmig.unine.ch\/index.php?rest_route=\/wp\/v2\/posts\/1608","targetHints":{"allow":["GET"]}}],"collection":[{"href":"https:\/\/swissmig.unine.ch\/index.php?rest_route=\/wp\/v2\/posts"}],"about":[{"href":"https:\/\/swissmig.unine.ch\/index.php?rest_route=\/wp\/v2\/types\/post"}],"author":[{"embeddable":true,"href":"https:\/\/swissmig.unine.ch\/index.php?rest_route=\/wp\/v2\/users\/4"}],"replies":[{"embeddable":true,"href":"https:\/\/swissmig.unine.ch\/index.php?rest_route=%2Fwp%2Fv2%2Fcomments&post=1608"}],"version-history":[{"count":0,"href":"https:\/\/swissmig.unine.ch\/index.php?rest_route=\/wp\/v2\/posts\/1608\/revisions"}],"wp:attachment":[{"href":"https:\/\/swissmig.unine.ch\/index.php?rest_route=%2Fwp%2Fv2%2Fmedia&parent=1608"}],"wp:term":[{"taxonomy":"category","embeddable":true,"href":"https:\/\/swissmig.unine.ch\/index.php?rest_route=%2Fwp%2Fv2%2Fcategories&post=1608"},{"taxonomy":"post_tag","embeddable":true,"href":"https:\/\/swissmig.unine.ch\/index.php?rest_route=%2Fwp%2Fv2%2Ftags&post=1608"}],"curies":[{"name":"wp","href":"https:\/\/api.w.org\/{rel}","templated":true}]}}