{"id":16050,"date":"2020-08-26T08:00:00","date_gmt":"2020-08-26T07:00:00","guid":{"rendered":"https:\/\/swissmig.wordpress.com\/?p=16050"},"modified":"2020-08-26T08:00:00","modified_gmt":"2020-08-26T07:00:00","slug":"anti-schwarzen-rassismus-in-der-schweiz-eine-bestandsaufnahme-explorative-studie-zuhanden-der-fachstelle-fur-rassismusbekampfung-frb","status":"publish","type":"post","link":"https:\/\/swissmig.unine.ch\/?p=16050","title":{"rendered":"Anti-Schwarzen-Rassismus in der Schweiz &#8211; Eine Bestandsaufnahme: Explorative Studie zuhanden der Fachstelle f\u00fcr Rassismusbek\u00e4mpfung (FRB)"},"content":{"rendered":"<h3>Author(s) : Denise Efionayi-M\u00e4der, Didier Ruedin, M\u00e9lanie-Evely P\u00e9tr\u00e9mont, No\u00e9mi Michel, Rohit Jain<\/h3>\n<h3>Source : <a href=\"https:\/\/libra.unine.ch\/handle\/123456789\/4174\" target=\"_blank\" rel=\"noopener\">https:\/\/libra.unine.ch\/handle\/123456789\/4174<\/a><\/h3>\n<p><strong>Abstract: <\/strong><!--more--><\/p>\n<blockquote>\n<div class=\"hlFld-Abstract\">\n<div class=\"abstractSection abstractInFull\">\n<p>&#8220;Ziel dieser Studie ist es, die Ausdrucksformen und Auspr\u00e4gungen des Anti-Schwarzen-Rassismus in der Schweiz zu erfassen und die damit verbundenen Ph\u00e4nomene zu beschreiben. Konkret soll erforscht werden, wie die Personen, die als Schwarze wahrgenommen werden oder sich selbst als Schwarze bezeichnen, Rassismus erleben: Welchen Ausdrucksformen von Rassismus sind sie ausgesetzt, in\u00a0 welchen Lebensbereichen, von wem, und wie reagieren sie darauf? Im Vordergrund steht also die emische Perspektive, das heisst die Sicht der potenziell betroffenen Personen. Dieser Aspekt des Ph\u00e4nomens wurde in der Schweiz noch weniger thematisiert als die politischen, rechtlichen oder psychosozialen Dimensionen (Vorurteile, Stereotype der Mehrheit). Ziel der Studie ist es zudem, allf\u00e4llige regionale oder geografische Unterschiede in der Schweiz (Sprachregionen, Stadt &#8211; Land) zu analysieren. Als qualitative und explorative Studie soll sie auch Fragestellungen herausarbeiten, die Gegenstand sp\u00e4terer Forschungsarbeiten sein k\u00f6nnten.&#8221;<\/p>\n<p><strong>Keywords:\u00a0<\/strong>racism, xenophobia, SFM Studies, ethnic discrimination, living conditions, street-level bureaucracy, country of origin, access to employment, attitudes towards migrants, perception, stereotypes<\/p>\n<\/div>\n<\/div>\n<\/blockquote>\n","protected":false},"excerpt":{"rendered":"<p>Author(s) : Denise Efionayi-M\u00e4der, Didier Ruedin, M\u00e9lanie-Evely P\u00e9tr\u00e9mont, No\u00e9mi Michel,&#8230;<\/p>\n","protected":false},"author":4,"featured_media":0,"comment_status":"open","ping_status":"open","sticky":false,"template":"","format":"standard","meta":{"_kadence_starter_templates_imported_post":false,"_kad_post_transparent":"","_kad_post_title":"","_kad_post_layout":"","_kad_post_sidebar_id":"","_kad_post_content_style":"","_kad_post_vertical_padding":"","_kad_post_feature":"","_kad_post_feature_position":"","_kad_post_header":false,"_kad_post_footer":false,"_kad_post_classname":"","jetpack_post_was_ever_published":false,"_jetpack_newsletter_access":"","_jetpack_dont_email_post_to_subs":false,"_jetpack_newsletter_tier_id":0,"_jetpack_memberships_contains_paywalled_content":false,"_jetpack_memberships_contains_paid_content":false,"footnotes":""},"categories":[24],"tags":[48,37,57,82,148,73,411,373,334,249,327,645,340,257,621],"class_list":["post-16050","post","type-post","status-publish","format-standard","hentry","category-society-family-racism","tag-48","tag-attitudes-towards-migrants","tag-comparative-analysis","tag-ethnic-discrimination","tag-gender","tag-german-language","tag-perception","tag-qualitative-research","tag-racism","tag-report","tag-research","tag-sfm-studies","tag-social-support","tag-stereotypes","tag-street-level-bureaucracy"],"jetpack_featured_media_url":"","jetpack_sharing_enabled":true,"_links":{"self":[{"href":"https:\/\/swissmig.unine.ch\/index.php?rest_route=\/wp\/v2\/posts\/16050","targetHints":{"allow":["GET"]}}],"collection":[{"href":"https:\/\/swissmig.unine.ch\/index.php?rest_route=\/wp\/v2\/posts"}],"about":[{"href":"https:\/\/swissmig.unine.ch\/index.php?rest_route=\/wp\/v2\/types\/post"}],"author":[{"embeddable":true,"href":"https:\/\/swissmig.unine.ch\/index.php?rest_route=\/wp\/v2\/users\/4"}],"replies":[{"embeddable":true,"href":"https:\/\/swissmig.unine.ch\/index.php?rest_route=%2Fwp%2Fv2%2Fcomments&post=16050"}],"version-history":[{"count":0,"href":"https:\/\/swissmig.unine.ch\/index.php?rest_route=\/wp\/v2\/posts\/16050\/revisions"}],"wp:attachment":[{"href":"https:\/\/swissmig.unine.ch\/index.php?rest_route=%2Fwp%2Fv2%2Fmedia&parent=16050"}],"wp:term":[{"taxonomy":"category","embeddable":true,"href":"https:\/\/swissmig.unine.ch\/index.php?rest_route=%2Fwp%2Fv2%2Fcategories&post=16050"},{"taxonomy":"post_tag","embeddable":true,"href":"https:\/\/swissmig.unine.ch\/index.php?rest_route=%2Fwp%2Fv2%2Ftags&post=16050"}],"curies":[{"name":"wp","href":"https:\/\/api.w.org\/{rel}","templated":true}]}}