{"id":16046,"date":"2020-08-26T08:00:00","date_gmt":"2020-08-26T07:00:00","guid":{"rendered":"https:\/\/swissmig.wordpress.com\/?p=16046"},"modified":"2020-08-26T08:00:00","modified_gmt":"2020-08-26T07:00:00","slug":"il-razzismo-anti-nero-in-svizzera-il-punto-della-situazione-studio-esplorativo-commissionato-dal-servizio-per-la-lotta-al-razzismo-slr","status":"publish","type":"post","link":"https:\/\/swissmig.unine.ch\/?p=16046","title":{"rendered":"Il razzismo anti-Nero in Svizzera : il punto della situazione: Studio esplorativo commissionato dal Servizio per la lotta al razzismo (SLR)"},"content":{"rendered":"<h3>Author(s) : Denise Efionayi-M\u00e4der, Didier Ruedin, M\u00e9lanie-Evely P\u00e9tr\u00e9mont, No\u00e9mi Michel, Rohit Jain<\/h3>\n<h3>Source : <a href=\"https:\/\/libra.unine.ch\/handle\/123456789\/4172\" target=\"_blank\" rel=\"noopener\">https:\/\/libra.unine.ch\/handle\/123456789\/4172<\/a><\/h3>\n<p><strong>Abstract: <\/strong><!--more--><\/p>\n<blockquote>\n<div class=\"hlFld-Abstract\">\n<div class=\"abstractSection abstractInFull\">\n<p>&#8220;L\u2019obiettivo della ricerca \u00e8 di individuare le manifestazioni e le caratteristiche del razzismo anti-Nero in Svizzera e di descrivere i fenomeni a esso legati. Concretamente, si tratta di capire come vivano il razzismo le persone ritenute (o che si ritengono esse stesse) nere. A quali forme di razzismo devono far fronte? In quali ambiti della vita? Eventualmente, da parte di chi? E come reagiscono? \u00c8 dunque privilegiata la prospettiva emica, vale a dire il punto di vista delle persone oggetto dello studio e quindi potenzialmente esposte. Si tratta di un aspetto del fenomeno che in Svizzera \u00e8 stato tematizzato ancora meno delle sue dimensioni politiche, giuridiche o psicosociali (pregiudizi, stereotipi dominanti). Lo studio ha anche lo scopo di verificare nel nostro Paese eventuali differenze regionali o geografiche (p. es. tra regioni linguistiche o tra aree urbane e rurali) e, se del caso, di analizzarle. Essendo uno studio qualitativo ed esplorativo, deve inoltre permettere di formulare interrogativi suscettibili di essere approfondite in ricerche future.&#8221;<\/p>\n<p><strong>Keywords:\u00a0<\/strong>racism, xenophobia, SFM Studies, ethnic discrimination, living conditions, street-level bureaucracy, country of origin, access to employment, attitudes towards migrants, perception, stereotypes<\/p>\n<\/div>\n<\/div>\n<\/blockquote>\n","protected":false},"excerpt":{"rendered":"<p>Author(s) : Denise Efionayi-M\u00e4der, Didier Ruedin, M\u00e9lanie-Evely P\u00e9tr\u00e9mont, No\u00e9mi Michel,&#8230;<\/p>\n","protected":false},"author":4,"featured_media":0,"comment_status":"open","ping_status":"open","sticky":false,"template":"","format":"standard","meta":{"_kadence_starter_templates_imported_post":false,"_kad_post_transparent":"","_kad_post_title":"","_kad_post_layout":"","_kad_post_sidebar_id":"","_kad_post_content_style":"","_kad_post_vertical_padding":"","_kad_post_feature":"","_kad_post_feature_position":"","_kad_post_header":false,"_kad_post_footer":false,"_kad_post_classname":"","jetpack_post_was_ever_published":false,"_jetpack_newsletter_access":"","_jetpack_dont_email_post_to_subs":false,"_jetpack_newsletter_tier_id":0,"_jetpack_memberships_contains_paywalled_content":false,"_jetpack_memberships_contains_paid_content":false,"footnotes":""},"categories":[24],"tags":[48,37,57,82,148,461,411,373,334,249,327,645,340,257,621],"class_list":["post-16046","post","type-post","status-publish","format-standard","hentry","category-society-family-racism","tag-48","tag-attitudes-towards-migrants","tag-comparative-analysis","tag-ethnic-discrimination","tag-gender","tag-italian-language","tag-perception","tag-qualitative-research","tag-racism","tag-report","tag-research","tag-sfm-studies","tag-social-support","tag-stereotypes","tag-street-level-bureaucracy"],"jetpack_featured_media_url":"","jetpack_sharing_enabled":true,"_links":{"self":[{"href":"https:\/\/swissmig.unine.ch\/index.php?rest_route=\/wp\/v2\/posts\/16046","targetHints":{"allow":["GET"]}}],"collection":[{"href":"https:\/\/swissmig.unine.ch\/index.php?rest_route=\/wp\/v2\/posts"}],"about":[{"href":"https:\/\/swissmig.unine.ch\/index.php?rest_route=\/wp\/v2\/types\/post"}],"author":[{"embeddable":true,"href":"https:\/\/swissmig.unine.ch\/index.php?rest_route=\/wp\/v2\/users\/4"}],"replies":[{"embeddable":true,"href":"https:\/\/swissmig.unine.ch\/index.php?rest_route=%2Fwp%2Fv2%2Fcomments&post=16046"}],"version-history":[{"count":0,"href":"https:\/\/swissmig.unine.ch\/index.php?rest_route=\/wp\/v2\/posts\/16046\/revisions"}],"wp:attachment":[{"href":"https:\/\/swissmig.unine.ch\/index.php?rest_route=%2Fwp%2Fv2%2Fmedia&parent=16046"}],"wp:term":[{"taxonomy":"category","embeddable":true,"href":"https:\/\/swissmig.unine.ch\/index.php?rest_route=%2Fwp%2Fv2%2Fcategories&post=16046"},{"taxonomy":"post_tag","embeddable":true,"href":"https:\/\/swissmig.unine.ch\/index.php?rest_route=%2Fwp%2Fv2%2Ftags&post=16046"}],"curies":[{"name":"wp","href":"https:\/\/api.w.org\/{rel}","templated":true}]}}