{"id":16042,"date":"2020-08-26T08:00:00","date_gmt":"2020-08-26T07:00:00","guid":{"rendered":"https:\/\/swissmig.wordpress.com\/?p=16042"},"modified":"2020-08-26T08:00:00","modified_gmt":"2020-08-26T07:00:00","slug":"etat-des-lieux-du-racisme-anti-noir-e-en-suisse-etude-exploratoire-a-lattention-du-service-de-lutte-contre-le-racisme-slr","status":"publish","type":"post","link":"https:\/\/swissmig.unine.ch\/?p=16042","title":{"rendered":"Etat des lieux du racisme anti-Noir-e en Suisse : \u00e9tude exploratoire \u00e0 l&#8217;attention du Service de lutte contre le racisme (SLR)"},"content":{"rendered":"<h3>Author(s) : Denise Efionayi-M\u00e4der, Didier Ruedin, M\u00e9lanie-Evely P\u00e9tr\u00e9mont, No\u00e9mi Michel, Rohit Jain<\/h3>\n<h3>Source : <a href=\"https:\/\/libra.unine.ch\/handle\/123456789\/4176\" target=\"_blank\" rel=\"noopener\">https:\/\/libra.unine.ch\/handle\/123456789\/4176<\/a><\/h3>\n<p><strong>Abstract: <\/strong><!--more--><\/p>\n<blockquote>\n<div class=\"hlFld-Abstract\">\n<div class=\"abstractSection abstractInFull\">\n<p>&#8220;L\u2019objectif de cette recherche est de cerner les manifestations et modalit\u00e9s du racisme anti-Noir_e en Suisse et de d\u00e9crire les ph\u00e9nom\u00e8nes qui y sont li\u00e9s. Concr\u00e8tement, il s\u2019agit de saisir comment les personnes qui sont per\u00e7ues \u2013 ou qui se per\u00e7oivent elles-m\u00eames \u2013 en tant que noires vivent le racisme \u00e0 leur encontre : \u00e0 quels types d\u2019expressions racistes font-elles face, dans quelles sph\u00e8res de la vie, \u00e9ventuellement de par qui, et comment r\u00e9agissent-elles ? La perspective \u00e9mique est donc privil\u00e9gi\u00e9e, c\u2019est-\u00e0-dire le point de vue des personnes \u00e9tudi\u00e9es et potentiellement concern\u00e9es. Il<br \/>\ns\u2019agit d\u2019un angle du ph\u00e9nom\u00e8ne qui a \u00e9t\u00e9 encore moins th\u00e9matis\u00e9, en Suisse, que ses dimensions politiques, juridiques ou psychosociales (pr\u00e9jug\u00e9s, st\u00e9r\u00e9otypes majoritaires). Le but est aussi d\u2019analyser, le cas \u00e9ch\u00e9ant, l\u2019existence de diff\u00e9rences r\u00e9gionales ou g\u00e9ographiques en Suisse (entre r\u00e9gions linguistiques, r\u00e9gions urbaines versus rurales). S\u2019agissant d\u2019une \u00e9tude qualitative et exploratoire, elle doit aussi permettre de d\u00e9gager des questionnements pouvant faire l\u2019objet de recherches futures.&#8221;<\/p>\n<p><strong>Keywords:\u00a0<\/strong>racism, xenophobia, SFM Studies, ethnic discrimination, living conditions, street-level bureaucracy, country of origin, access to employment, attitudes towards migrants, perception, stereotypes<\/p>\n<\/div>\n<\/div>\n<\/blockquote>\n","protected":false},"excerpt":{"rendered":"<p>Author(s) : Denise Efionayi-M\u00e4der, Didier Ruedin, M\u00e9lanie-Evely P\u00e9tr\u00e9mont, No\u00e9mi Michel,&#8230;<\/p>\n","protected":false},"author":4,"featured_media":0,"comment_status":"open","ping_status":"open","sticky":false,"template":"","format":"standard","meta":{"_kadence_starter_templates_imported_post":false,"_kad_post_transparent":"","_kad_post_title":"","_kad_post_layout":"","_kad_post_sidebar_id":"","_kad_post_content_style":"","_kad_post_vertical_padding":"","_kad_post_feature":"","_kad_post_feature_position":"","_kad_post_header":false,"_kad_post_footer":false,"_kad_post_classname":"","jetpack_post_was_ever_published":false,"_jetpack_newsletter_access":"","_jetpack_dont_email_post_to_subs":false,"_jetpack_newsletter_tier_id":0,"_jetpack_memberships_contains_paywalled_content":false,"_jetpack_memberships_contains_paid_content":false,"footnotes":""},"categories":[24],"tags":[48,37,57,82,52,148,411,373,334,249,327,645,340,257,621],"class_list":["post-16042","post","type-post","status-publish","format-standard","hentry","category-society-family-racism","tag-48","tag-attitudes-towards-migrants","tag-comparative-analysis","tag-ethnic-discrimination","tag-french-language","tag-gender","tag-perception","tag-qualitative-research","tag-racism","tag-report","tag-research","tag-sfm-studies","tag-social-support","tag-stereotypes","tag-street-level-bureaucracy"],"jetpack_featured_media_url":"","jetpack_sharing_enabled":true,"_links":{"self":[{"href":"https:\/\/swissmig.unine.ch\/index.php?rest_route=\/wp\/v2\/posts\/16042","targetHints":{"allow":["GET"]}}],"collection":[{"href":"https:\/\/swissmig.unine.ch\/index.php?rest_route=\/wp\/v2\/posts"}],"about":[{"href":"https:\/\/swissmig.unine.ch\/index.php?rest_route=\/wp\/v2\/types\/post"}],"author":[{"embeddable":true,"href":"https:\/\/swissmig.unine.ch\/index.php?rest_route=\/wp\/v2\/users\/4"}],"replies":[{"embeddable":true,"href":"https:\/\/swissmig.unine.ch\/index.php?rest_route=%2Fwp%2Fv2%2Fcomments&post=16042"}],"version-history":[{"count":0,"href":"https:\/\/swissmig.unine.ch\/index.php?rest_route=\/wp\/v2\/posts\/16042\/revisions"}],"wp:attachment":[{"href":"https:\/\/swissmig.unine.ch\/index.php?rest_route=%2Fwp%2Fv2%2Fmedia&parent=16042"}],"wp:term":[{"taxonomy":"category","embeddable":true,"href":"https:\/\/swissmig.unine.ch\/index.php?rest_route=%2Fwp%2Fv2%2Fcategories&post=16042"},{"taxonomy":"post_tag","embeddable":true,"href":"https:\/\/swissmig.unine.ch\/index.php?rest_route=%2Fwp%2Fv2%2Ftags&post=16042"}],"curies":[{"name":"wp","href":"https:\/\/api.w.org\/{rel}","templated":true}]}}