{"id":1592,"date":"2017-11-23T20:57:12","date_gmt":"2017-11-23T19:57:12","guid":{"rendered":"https:\/\/swissmig.wordpress.com\/?p=1592"},"modified":"2017-11-23T20:57:12","modified_gmt":"2017-11-23T19:57:12","slug":"demographie-formation-tertiaire-et-migration-qualifiee-en-suisse","status":"publish","type":"post","link":"https:\/\/swissmig.unine.ch\/?p=1592","title":{"rendered":"D\u00e9mographie, formation tertiaire et   migration qualifi\u00e9e en Suisse"},"content":{"rendered":"<h3>Author(s) : Ilka Steiner, Rosita Fibbi<\/h3>\n<h3>Source (p. 53) : <a href=\"https:\/\/edudoc.ch\/record\/123856\/files\/PDF_VERSION_NB_COUL_EDUCATION_2030.pdf#page=55\" target=\"_blank\" rel=\"noopener\">https:\/\/edudoc.ch\/record\/123856\/files\/PDF_VERSION_NB_COUL_EDUCATION_2030.pdf#page=55<\/a><\/h3>\n<p><strong>Abstract: <\/strong><!--more--><\/p>\n<blockquote>\n<div class=\"journalAbstract\">\n<div>\n<div id=\"articleAbstract\">\n<div class=\"Abstracts\">\n<div id=\"aep-abstract-id6\" class=\"abstract author\" lang=\"en\">\n<div id=\"aep-abstract-sec-id7\">\n<div class=\"NLM_sec NLM_sec_level_1\">\n<div class=\"panel-pane pane-content-field pane-field-abstract\">\n<div class=\"pane-content\">\n<div class=\"field field-type-text field-field-abstract\">\n<div class=\"field-items\">\n<div>Si la migration fournit depuis longtemps une main-d\u2019\u0153uvre qualifi\u00e9e au syst\u00e8me<\/div>\n<div>productif suisse, ce ph\u00e9nom\u00e8ne est all\u00e9 en s\u2019acc\u00e9l\u00e9rant au cours des vingt derni\u00e8res<\/div>\n<div>ann\u00e9es et tout sp\u00e9cialement dans la premi\u00e8re d\u00e9cade du nouveau mill\u00e9naire. Ceci est d\u00fb \u00e0 un double mouvement : du c\u00f4t\u00e9 de la demande, l\u2019internationalisation accrue<\/div>\n<div>du syst\u00e8me productif et, du c\u00f4t\u00e9 de l\u2019offre, la lib\u00e9ralisation de l\u2019acc\u00e8s au march\u00e9 de<\/div>\n<div>l\u2019emploi pour les ressortissants des pays de l\u2019Union europ\u00e9enne (UE) et de l\u2019Associa-<\/div>\n<div>tion europ\u00e9enne de libre-\u00e9change (AELE), d\u00e9j\u00e0 amorc\u00e9 dans la deuxi\u00e8me moiti\u00e9 des<\/div>\n<div>ann\u00e9es 1990 (Pecoraro, 2005).<\/div>\n<\/div>\n<\/div>\n<\/div>\n<\/div>\n<\/div>\n<\/div>\n<\/div>\n<\/div>\n<\/div>\n<\/div>\n<\/div>\n<\/blockquote>\n","protected":false},"excerpt":{"rendered":"<p>Author(s) : Ilka Steiner, Rosita Fibbi Source (p. 53) :&#8230;<\/p>\n","protected":false},"author":4,"featured_media":0,"comment_status":"open","ping_status":"open","sticky":false,"template":"","format":"standard","meta":{"_kadence_starter_templates_imported_post":false,"_kad_post_transparent":"","_kad_post_title":"","_kad_post_layout":"","_kad_post_sidebar_id":"","_kad_post_content_style":"","_kad_post_vertical_padding":"","_kad_post_feature":"","_kad_post_feature_position":"","_kad_post_header":false,"_kad_post_footer":false,"_kad_post_classname":"","jetpack_post_was_ever_published":false,"_jetpack_newsletter_access":"","_jetpack_dont_email_post_to_subs":false,"_jetpack_newsletter_tier_id":0,"_jetpack_memberships_contains_paywalled_content":false,"_jetpack_memberships_contains_paid_content":false,"footnotes":""},"categories":[61],"tags":[75,32,191,408,52,55,80,19],"class_list":["post-1592","post","type-post","status-publish","format-standard","hentry","category-education","tag-75","tag-book-chapter","tag-demography","tag-educational-policy","tag-french-language","tag-high-skilled-immigrants","tag-higher-education","tag-labour-market"],"jetpack_featured_media_url":"","jetpack_sharing_enabled":true,"_links":{"self":[{"href":"https:\/\/swissmig.unine.ch\/index.php?rest_route=\/wp\/v2\/posts\/1592","targetHints":{"allow":["GET"]}}],"collection":[{"href":"https:\/\/swissmig.unine.ch\/index.php?rest_route=\/wp\/v2\/posts"}],"about":[{"href":"https:\/\/swissmig.unine.ch\/index.php?rest_route=\/wp\/v2\/types\/post"}],"author":[{"embeddable":true,"href":"https:\/\/swissmig.unine.ch\/index.php?rest_route=\/wp\/v2\/users\/4"}],"replies":[{"embeddable":true,"href":"https:\/\/swissmig.unine.ch\/index.php?rest_route=%2Fwp%2Fv2%2Fcomments&post=1592"}],"version-history":[{"count":0,"href":"https:\/\/swissmig.unine.ch\/index.php?rest_route=\/wp\/v2\/posts\/1592\/revisions"}],"wp:attachment":[{"href":"https:\/\/swissmig.unine.ch\/index.php?rest_route=%2Fwp%2Fv2%2Fmedia&parent=1592"}],"wp:term":[{"taxonomy":"category","embeddable":true,"href":"https:\/\/swissmig.unine.ch\/index.php?rest_route=%2Fwp%2Fv2%2Fcategories&post=1592"},{"taxonomy":"post_tag","embeddable":true,"href":"https:\/\/swissmig.unine.ch\/index.php?rest_route=%2Fwp%2Fv2%2Ftags&post=1592"}],"curies":[{"name":"wp","href":"https:\/\/api.w.org\/{rel}","templated":true}]}}