{"id":15918,"date":"2020-08-26T08:00:00","date_gmt":"2020-08-26T07:00:00","guid":{"rendered":"https:\/\/swissmig.wordpress.com\/?p=15918"},"modified":"2020-08-26T08:00:00","modified_gmt":"2020-08-26T07:00:00","slug":"bildungsmassnahmen-fur-spat-eingereiste-jugendliche-und-junge-erwachsene-privat-mitfinanzierte-bildungsangebote-fur-asylsuchende","status":"publish","type":"post","link":"https:\/\/swissmig.unine.ch\/?p=15918","title":{"rendered":"Bildungsmassnahmen f\u00fcr sp\u00e4t eingereiste Jugendliche und junge Erwachsene: Privat (mit)finanzierte Bildungsangebote f\u00fcr Asylsuchende"},"content":{"rendered":"<h3>Author(s) : Jo\u00eblle Fehlmann, Denise Efionayi-M\u00e4der, David Liechti, Michael Morlok<\/h3>\n<h3>Source : <a href=\"https:\/\/libra.unine.ch\/handle\/123456789\/2479\" target=\"_blank\" rel=\"noopener\">https:\/\/libra.unine.ch\/handle\/123456789\/2479<\/a><\/h3>\n<p><strong>Abstract: <\/strong><!--more--><\/p>\n<blockquote>\n<div class=\"hlFld-Abstract\">\n<div class=\"abstractSection abstractInFull\">\n<p>&#8220;Seit dem H\u00f6hepunkt der ausserordentlichen Fluchtbewegung in Europa 2015 sinkt die Zahl der neueingereich-ten Asylgesuche in der Schweiz, doch die Frage der Integration von Jugendlichen im Asylbereich bleibt dringend, gerade auch angesichts der hohen Schutzquote. Sp\u00e4t eingereiste Jugendliche im Asylbereich haben in der Schweiz mit besonderen Herausforderungen zu k\u00e4mpfen. Die Flucht und das Asylverfahren finden oft zu einem Zeitpunkt statt, wenn gleichaltrige Einheimische sich beruflich orientieren und eine nachobligatorische Ausbildung beginnen. Das aktuelle Bildungsangebot, das sich an erster Stelle an Migrant\u00b7inn\u00b7en mit einem geregelten Aufenthalt richtet, erweist sich gerade f\u00fcr junge Asylsuchende meist als unzug\u00e4nglich (administrative Hindernisse, erforderte Schulerfahrung und Sprachniveau bei Eintritt, Altersobergrenze usw.). Direkte Konsequenz ist Unt\u00e4tigkeit, die sich f\u00fcr die \u00f6ffentliche Hand als kostspielig erweisen kann, wenn die Perspektivenlosigkeit und Demotivierung etwa die Gesundheit beeintr\u00e4chtigen und gelegentlich in delinquentes Verhalten m\u00fcnden. F\u00fcr junge Asylsuchende \u00fcber das obligatorische Schulalter hinaus besteht kein \u00f6ffentlicher Integrationsauftrag. So sind in den letzten Jahren diverse F\u00f6rderprojekte entstanden, die privat (mit)finanziert werden, was die Frage der Zust\u00e4ndigkeit f\u00fcr eine Personengruppe aufwirft, die altersbedingt und gem\u00e4ss Kinderrechtskonvention (Art. 28 Bst. b KRK) teilweise Anspruch auf Bildung h\u00e4tte, aber statusabh\u00e4ngig oft davon ausgeschlossen bleibt.&#8221;<\/p>\n<p><strong>Keywords<\/strong>: youth, SFM Studies, asylum policy, educational programmes, school integration, social integration, vocational training, children, access to education<\/p>\n<\/div>\n<\/div>\n<\/blockquote>\n","protected":false},"excerpt":{"rendered":"<p>Author(s) : Jo\u00eblle Fehlmann, Denise Efionayi-M\u00e4der, David Liechti, Michael Morlok&#8230;<\/p>\n","protected":false},"author":4,"featured_media":0,"comment_status":"open","ping_status":"open","sticky":false,"template":"","format":"standard","meta":{"_kadence_starter_templates_imported_post":false,"_kad_post_transparent":"","_kad_post_title":"","_kad_post_layout":"","_kad_post_sidebar_id":"","_kad_post_content_style":"","_kad_post_vertical_padding":"","_kad_post_feature":"","_kad_post_feature_position":"","_kad_post_header":false,"_kad_post_footer":false,"_kad_post_classname":"","jetpack_post_was_ever_published":false,"_jetpack_newsletter_access":"","_jetpack_dont_email_post_to_subs":false,"_jetpack_newsletter_tier_id":0,"_jetpack_memberships_contains_paywalled_content":false,"_jetpack_memberships_contains_paid_content":false,"footnotes":""},"categories":[61],"tags":[582,407,49,50,318,275,73,128,249,117,645,91,371,118],"class_list":["post-15918","post","type-post","status-publish","format-standard","hentry","category-education","tag-582","tag-access-to-education","tag-asylum-policy","tag-asylum-seekers","tag-children","tag-educational-programmes","tag-german-language","tag-human-rights","tag-report","tag-school-integration","tag-sfm-studies","tag-social-integration","tag-vocational-training","tag-youth"],"jetpack_featured_media_url":"","jetpack_sharing_enabled":true,"_links":{"self":[{"href":"https:\/\/swissmig.unine.ch\/index.php?rest_route=\/wp\/v2\/posts\/15918","targetHints":{"allow":["GET"]}}],"collection":[{"href":"https:\/\/swissmig.unine.ch\/index.php?rest_route=\/wp\/v2\/posts"}],"about":[{"href":"https:\/\/swissmig.unine.ch\/index.php?rest_route=\/wp\/v2\/types\/post"}],"author":[{"embeddable":true,"href":"https:\/\/swissmig.unine.ch\/index.php?rest_route=\/wp\/v2\/users\/4"}],"replies":[{"embeddable":true,"href":"https:\/\/swissmig.unine.ch\/index.php?rest_route=%2Fwp%2Fv2%2Fcomments&post=15918"}],"version-history":[{"count":0,"href":"https:\/\/swissmig.unine.ch\/index.php?rest_route=\/wp\/v2\/posts\/15918\/revisions"}],"wp:attachment":[{"href":"https:\/\/swissmig.unine.ch\/index.php?rest_route=%2Fwp%2Fv2%2Fmedia&parent=15918"}],"wp:term":[{"taxonomy":"category","embeddable":true,"href":"https:\/\/swissmig.unine.ch\/index.php?rest_route=%2Fwp%2Fv2%2Fcategories&post=15918"},{"taxonomy":"post_tag","embeddable":true,"href":"https:\/\/swissmig.unine.ch\/index.php?rest_route=%2Fwp%2Fv2%2Ftags&post=15918"}],"curies":[{"name":"wp","href":"https:\/\/api.w.org\/{rel}","templated":true}]}}