{"id":1582,"date":"2017-11-23T11:05:40","date_gmt":"2017-11-23T10:05:40","guid":{"rendered":"https:\/\/swissmig.wordpress.com\/?p=1582"},"modified":"2017-11-23T11:05:40","modified_gmt":"2017-11-23T10:05:40","slug":"les-associations-italiennes-en-suisse-en-phase-de-transition","status":"publish","type":"post","link":"https:\/\/swissmig.unine.ch\/?p=1582","title":{"rendered":"Les associations italiennes en Suisse, en phase de transition"},"content":{"rendered":"<h3>Author(s) : Rosita Fibbi<\/h3>\n<h3>Source : <a href=\"http:\/\/www.persee.fr\/doc\/remi_0765-0752_1985_num_1_1_964\" target=\"_blank\" rel=\"noopener\">http:\/\/www.persee.fr\/doc\/remi_0765-0752_1985_num_1_1_964<\/a><\/h3>\n<p><strong>Abstract: <\/strong><!--more--><\/p>\n<blockquote>\n<div class=\"journalAbstract\">\n<div>\n<div id=\"articleAbstract\">\n<div class=\"Abstracts\">\n<div id=\"aep-abstract-id6\" class=\"abstract author\" lang=\"en\">\n<div id=\"aep-abstract-sec-id7\">\n<div class=\"NLM_sec NLM_sec_level_1\">\n<div class=\"panel-pane pane-content-field pane-field-abstract\">\n<div class=\"pane-content\">\n<div class=\"field field-type-text field-field-abstract\">\n<div class=\"field-items\">\n<div class=\"field-item odd\">Cette communication pr\u00e9sente des hypoth\u00e8ses de travail qui permettraient d&#8217;interpr\u00e9ter le sens des profonds changements du r\u00e9seau associatif italien en Suisse. En effet, dans les derni\u00e8res ann\u00e9es, la stabilisation de la main-d&#8217;\u0153uvre italienne a \u00e9t\u00e9 accompagn\u00e9e par la prolif\u00e9ration d&#8217;associations regroupant les immigr\u00e9s en fonction de leurs origines r\u00e9gionales. On observe simultan\u00e9ment un affaiblissement du r\u00e9seau associatif \u00e0 finalit\u00e9 politique qui avait constitu\u00e9 la composante majeure de l&#8217;associationnisme italien &#8211; en termes de capacit\u00e9 propositive, de vitalit\u00e9 de la vie associative et des renouvellement de ses membres.<br \/>\nCette \u00e9volution est ici mise en relation avec la relative inefficacit\u00e9 des strat\u00e9gies de confrontation avec le pays d&#8217;emploi \u00e9labor\u00e9es par les associations politiques ainsi que &#8211; et surtout &#8211; avec les changements dans la perception de leur identit\u00e9 par les migrants eux-m\u00eames. Ce deuxi\u00e8me facteur est analys\u00e9 \u00e0 la fois en termes sociaux et en termes ethniques. Des nouvelles pond\u00e9rations s&#8217;annoncent ainsi comme p\u00f4les d&#8217;agr\u00e9gation possibles des communaut\u00e9s italiennes immigr\u00e9es en Suisse. La deuxi\u00e8me g\u00e9n\u00e9ration jouera un r\u00f4le majeur dans l&#8217;\u00e9ventuelle cristallisation des tendances \u00e9mergentes.<\/div>\n<div><\/div>\n<div>This paper presents some hypotheses which should enable the interpretation of the changings in the Italian associative network in Switzerland. As a matter of fact, the stabilization of the Italian working population in the last years has brought about the setting up of several associations, gathering migrants according to their regional origins. At the same time, we may note a weakening of the network of political associations &#8211; which used to be a major component of the Italian associative network &#8211; as far as it goes for proposal capacity, vitality of the associative life and renewing of membership. We try to explain such an evolution &#8211; by the relative ineffectiveness of the confrontation with the host country set up by the political associations, &#8211; as well as by the changes in the perception of their own identity by the migrants themselves. We analyse this second point both in social and ethnic terms. New aggregation poles might thus emerge among a plurality of Italian immigrants &#8216; communities. The second generation should play a major role in the possible crystallizing of the present trends.<\/div>\n<\/div>\n<\/div>\n<\/div>\n<\/div>\n<\/div>\n<\/div>\n<\/div>\n<\/div>\n<\/div>\n<\/div>\n<\/div>\n<\/blockquote>\n","protected":false},"excerpt":{"rendered":"<p>Author(s) : Rosita Fibbi Source : http:\/\/www.persee.fr\/doc\/remi_0765-0752_1985_num_1_1_964 Abstract:<\/p>\n","protected":false},"author":4,"featured_media":0,"comment_status":"open","ping_status":"open","sticky":false,"template":"","format":"standard","meta":{"_kadence_starter_templates_imported_post":false,"_kad_post_transparent":"","_kad_post_title":"","_kad_post_layout":"","_kad_post_sidebar_id":"","_kad_post_content_style":"","_kad_post_vertical_padding":"","_kad_post_feature":"","_kad_post_feature_position":"","_kad_post_header":false,"_kad_post_footer":false,"_kad_post_classname":"","jetpack_post_was_ever_published":false,"_jetpack_newsletter_access":"","_jetpack_dont_email_post_to_subs":false,"_jetpack_newsletter_tier_id":0,"_jetpack_memberships_contains_paywalled_content":false,"_jetpack_memberships_contains_paid_content":false,"footnotes":""},"categories":[12],"tags":[424,7,119,151,52,133,175,19,123,145,91,207,26],"class_list":["post-1582","post","type-post","status-publish","format-standard","hentry","category-politics","tag-424","tag-article","tag-associations","tag-cultural-identity","tag-french-language","tag-immigrant-policy","tag-italians","tag-labour-market","tag-political-participation","tag-second-generation","tag-social-integration","tag-social-networks","tag-transnationalism"],"jetpack_featured_media_url":"","jetpack_sharing_enabled":true,"_links":{"self":[{"href":"https:\/\/swissmig.unine.ch\/index.php?rest_route=\/wp\/v2\/posts\/1582","targetHints":{"allow":["GET"]}}],"collection":[{"href":"https:\/\/swissmig.unine.ch\/index.php?rest_route=\/wp\/v2\/posts"}],"about":[{"href":"https:\/\/swissmig.unine.ch\/index.php?rest_route=\/wp\/v2\/types\/post"}],"author":[{"embeddable":true,"href":"https:\/\/swissmig.unine.ch\/index.php?rest_route=\/wp\/v2\/users\/4"}],"replies":[{"embeddable":true,"href":"https:\/\/swissmig.unine.ch\/index.php?rest_route=%2Fwp%2Fv2%2Fcomments&post=1582"}],"version-history":[{"count":0,"href":"https:\/\/swissmig.unine.ch\/index.php?rest_route=\/wp\/v2\/posts\/1582\/revisions"}],"wp:attachment":[{"href":"https:\/\/swissmig.unine.ch\/index.php?rest_route=%2Fwp%2Fv2%2Fmedia&parent=1582"}],"wp:term":[{"taxonomy":"category","embeddable":true,"href":"https:\/\/swissmig.unine.ch\/index.php?rest_route=%2Fwp%2Fv2%2Fcategories&post=1582"},{"taxonomy":"post_tag","embeddable":true,"href":"https:\/\/swissmig.unine.ch\/index.php?rest_route=%2Fwp%2Fv2%2Ftags&post=1582"}],"curies":[{"name":"wp","href":"https:\/\/api.w.org\/{rel}","templated":true}]}}