{"id":1562,"date":"2017-11-16T23:13:12","date_gmt":"2017-11-16T22:13:12","guid":{"rendered":"https:\/\/swissmig.wordpress.com\/?p=1562"},"modified":"2017-11-16T23:13:12","modified_gmt":"2017-11-16T22:13:12","slug":"what-actually-matters-understanding-attitudes-toward-immigration-in-switzerland","status":"publish","type":"post","link":"https:\/\/swissmig.unine.ch\/?p=1562","title":{"rendered":"What Actually Matters? Understanding Attitudes toward Immigration in Switzerland"},"content":{"rendered":"<h3>Author(s) : Maya Ackermann, Markus Freitag<\/h3>\n<h3>Source : <a href=\"http:\/\/dx.doi.org\/10.1111\/spsr.12146\" target=\"_blank\" rel=\"noopener\">http:\/\/dx.doi.org\/10.1111\/spsr.12146<\/a><\/h3>\n<p><strong>Abstract: <\/strong><!--more--><\/p>\n<blockquote>\n<div class=\"journalAbstract\">\n<div>\n<div id=\"articleAbstract\">\n<div class=\"Abstracts\">\n<div id=\"aep-abstract-id6\" class=\"abstract author\" lang=\"en\">\n<div id=\"aep-abstract-sec-id7\">\n<div class=\"NLM_sec NLM_sec_level_1\">\n<div class=\"panel-pane pane-content-field pane-field-abstract\">\n<div class=\"pane-content\">\n<div class=\"field field-type-text field-field-abstract\">\n<div class=\"field-items\">\n<div class=\"field-item odd\">\n<div class=\"article-section__content mainAbstract\">\n<p>On 9 February 2014, the Swiss people accepted the popular initiative \u201cagainst mass immigration\u201d launched by the national-conservative Swiss People&#8217;s Party (SVP). This voting outcome has triggered wide-ranging debates about both the policy on immigrants as well as the future of Switzerland within the European context. Against this background, we evaluate attitudes toward immigration in Switzerland. Using hitherto unexplored survey data of MOSAiCH, our empirical analyses show that already in the year 2013, before the debate about the initiative on mass immigration was in full swing, roughly 53 percent of the 1011 interviewed Swiss citizens stated that immigration should be reduced. Moreover, our estimations indicate that the threats and fears induced by immigration and the will to maintain sovereignty and autonomy are particularly relevant for attitudes toward immigration. By contrast, education and national or personal economic conditions are only weakly related to the immigration issue.<\/p>\n<p>&nbsp;<\/p>\n<\/div>\n<div id=\"de_main_abstract\" class=\"article-section__content mainAbstract\" lang=\"de\">\n<p>Die am 9. Februar 2014 angenommene Volksinitiative \u00fcber die Masseneinwanderung bewirkt eine tiefgreifende Debatte \u00fcber den zuk\u00fcnftigen Weg der Schweiz im europ\u00e4ischen Umfeld und in der Einwanderungspolitik. Vor diesem Hintergrund widmen wir uns in diesem Beitrag den Einstellungen der Schweizerinnen und Schweizer gegen\u00fcber der Immigration. Unsere Auswertungen des Datensatzes MOSAiCH 2013 zeigen, dass sich bereits ein Jahr vor der Abstimmung die H\u00e4lfte der Schweizer f\u00fcr eine Verringerung der Zuwanderung aussprach. Dar\u00fcber hinaus deuten unsere Ergebnisse darauf hin, dass insbesondere die durch die Immigration induzierten \u00c4ngste in der Bev\u00f6lkerung massgebend f\u00fcr die Haltung gegen\u00fcber der Zuwanderung sind. Wer sich um die Schweizer Kultur sorgt, seinen Arbeitsplatz gef\u00e4hrdet sieht und sich vor zunehmender Kriminalit\u00e4t f\u00fcrchtet, spricht sich f\u00fcr eine Begrenzung der Immigration aus. \u00c4hnliches gilt f\u00fcr die Wahrung nationaler Eigenst\u00e4ndigkeit. Wer gegen die politische Einmischung von aussen ist, lehnt die Zuwanderung ebenfalls ab. Der Bildungstand und Einsch\u00e4tzungen zur allgemeinen wie pers\u00f6nlichen wirtschaftlichen Lage spielen hingegen keine oder nur eine untergeordnete Rolle, wenn es um die Meinung der Schweizer zur Immigration geht.<\/p>\n<\/div>\n<\/div>\n<\/div>\n<\/div>\n<\/div>\n<\/div>\n<\/div>\n<\/div>\n<\/div>\n<\/div>\n<\/div>\n<\/div>\n<\/div>\n<\/blockquote>\n","protected":false},"excerpt":{"rendered":"<p>Author(s) : Maya Ackermann, Markus Freitag Source : http:\/\/dx.doi.org\/10.1111\/spsr.12146 Abstract:<\/p>\n","protected":false},"author":4,"featured_media":0,"comment_status":"open","ping_status":"open","sticky":false,"template":"","format":"standard","meta":{"_kadence_starter_templates_imported_post":false,"_kad_post_transparent":"","_kad_post_title":"","_kad_post_layout":"","_kad_post_sidebar_id":"","_kad_post_content_style":"","_kad_post_vertical_padding":"","_kad_post_feature":"","_kad_post_feature_position":"","_kad_post_header":false,"_kad_post_footer":false,"_kad_post_classname":"","jetpack_post_was_ever_published":false,"_jetpack_newsletter_access":"","_jetpack_dont_email_post_to_subs":false,"_jetpack_newsletter_tier_id":0,"_jetpack_memberships_contains_paywalled_content":false,"_jetpack_memberships_contains_paid_content":false,"footnotes":""},"categories":[24],"tags":[141,7,37,9,133,94,181,96],"class_list":["post-1562","post","type-post","status-publish","format-standard","hentry","category-society-family-racism","tag-141","tag-article","tag-attitudes-towards-migrants","tag-english-language","tag-immigrant-policy","tag-political-system","tag-survey","tag-voting-behaviour"],"jetpack_featured_media_url":"","jetpack_sharing_enabled":true,"_links":{"self":[{"href":"https:\/\/swissmig.unine.ch\/index.php?rest_route=\/wp\/v2\/posts\/1562","targetHints":{"allow":["GET"]}}],"collection":[{"href":"https:\/\/swissmig.unine.ch\/index.php?rest_route=\/wp\/v2\/posts"}],"about":[{"href":"https:\/\/swissmig.unine.ch\/index.php?rest_route=\/wp\/v2\/types\/post"}],"author":[{"embeddable":true,"href":"https:\/\/swissmig.unine.ch\/index.php?rest_route=\/wp\/v2\/users\/4"}],"replies":[{"embeddable":true,"href":"https:\/\/swissmig.unine.ch\/index.php?rest_route=%2Fwp%2Fv2%2Fcomments&post=1562"}],"version-history":[{"count":0,"href":"https:\/\/swissmig.unine.ch\/index.php?rest_route=\/wp\/v2\/posts\/1562\/revisions"}],"wp:attachment":[{"href":"https:\/\/swissmig.unine.ch\/index.php?rest_route=%2Fwp%2Fv2%2Fmedia&parent=1562"}],"wp:term":[{"taxonomy":"category","embeddable":true,"href":"https:\/\/swissmig.unine.ch\/index.php?rest_route=%2Fwp%2Fv2%2Fcategories&post=1562"},{"taxonomy":"post_tag","embeddable":true,"href":"https:\/\/swissmig.unine.ch\/index.php?rest_route=%2Fwp%2Fv2%2Ftags&post=1562"}],"curies":[{"name":"wp","href":"https:\/\/api.w.org\/{rel}","templated":true}]}}