{"id":1554,"date":"2017-11-16T22:21:48","date_gmt":"2017-11-16T21:21:48","guid":{"rendered":"https:\/\/swissmig.wordpress.com\/?p=1554"},"modified":"2017-11-16T22:21:48","modified_gmt":"2017-11-16T21:21:48","slug":"liens-transnationaux-et-regimes-de-copresence-a-lere-du-numerique-le-cas-des-migrants-roumains-en-suisse","status":"publish","type":"post","link":"https:\/\/swissmig.unine.ch\/?p=1554","title":{"rendered":"Liens transnationaux et r\u00e9gimes de copr\u00e9sence \u00e0 l&#8217;\u00e8re du num\u00e9rique. Le cas des migrants roumains en Suisse"},"content":{"rendered":"<h3>Author(s) : Mihaela Nedelcu, Malika Wyss<\/h3>\n<h3>Source : <a href=\"http:\/\/web.a.ebscohost.com\/abstract?direct=true&amp;profile=ehost&amp;scope=site&amp;authtype=crawler&amp;jrnl=03793664&amp;AN=101512242&amp;h=dlY8ONRxL09OzXOghePuQwKiEmy9SG5qifakwkDd%2bN5kEnd6MxUQdC3xOlKCyTIpUtkVzBUXhkDhxKn7dYeJHA%3d%3d&amp;crl=c&amp;resultNs=AdminWebAuth&amp;resultLocal=ErrCrlNotAuth&amp;crlhashurl=login.aspx%3fdirect%3dtrue%26profile%3dehost%26scope%3dsite%26authtype%3dcrawler%26jrnl%3d03793664%26AN%3d101512242\" target=\"_blank\" rel=\"noopener\">http:\/\/web.a.ebscohost.com\/abstract?direct=true&amp;profile=ehost&amp;scope=site&amp;authtype=crawler&amp;jrnl=03793664&amp;AN=101512242&amp;h=dlY8ONRxL09OzXOghePuQwKiEmy9SG5qifakwkDd%2bN5kEnd6MxUQdC3xOlKCyTIpUtkVzBUXhkDhxKn7dYeJHA%3d%3d&amp;crl=c&amp;resultNs=AdminWebAuth&amp;resultLocal=ErrCrlNotAuth&amp;crlhashurl=login.aspx%3fdirect%3dtrue%26profile%3dehost%26scope%3dsite%26authtype%3dcrawler%26jrnl%3d03793664%26AN%3d101512242<\/a><\/h3>\n<p><strong>Abstract: <\/strong><!--more--><\/p>\n<blockquote>\n<div class=\"journalAbstract\">\n<div>\n<div id=\"articleAbstract\">\n<div class=\"Abstracts\">\n<div id=\"aep-abstract-id6\" class=\"abstract author\" lang=\"en\">\n<div id=\"aep-abstract-sec-id7\">\n<div class=\"NLM_sec NLM_sec_level_1\">\n<div class=\"panel-pane pane-content-field pane-field-abstract\">\n<div class=\"pane-content\">\n<div class=\"field field-type-text field-field-abstract\">\n<div class=\"field-items\">\n<div class=\"field-item odd\">\n<div class=\"textLayer\">Providing a study of transnational ties in the digital age, this article examines how the use of information and communication technologies (ICT) impact on the migrants&#8217; ways of being and of belonging within family, professional and civic spheres of social life. It shows how ITC-mediated co-presence and transnational participation routines induce lifestyles that integrate a transnational component on a daily basis. Then, it suggests that, instead of being an obstacle to integration in the host society, these routines help connected migrants to firmly take roots in various fields of social life.<\/div>\n<div>En proposant une lecture des liens transnationaux par le prisme des technologies d\u2019information et de communication (TICs), cet article s\u2019int\u00e9resse \u00e0 l\u2019impact de ces derni\u00e8res sur les fa\u00e7ons d\u2019\u00eatre et d\u2019appartenir des migrants dans les sph\u00e8res familiale, professionnelle et civique. Il montre que les routines de copr\u00e9sence et de participation transnationale dans lesquelles le migrant est engag\u00e9 via les TICs cr\u00e9ent le ciment de modes de vie qui int\u00e8grent une composante transnationale au quotidien. Il sugg\u00e8re alors que loin de constituer un frein \u00e0 l\u2019adaptation \u00e0 la soci\u00e9t\u00e9 d\u2019accueil, ces routines aident les migrants connect\u00e9s \u00e0 s\u2019ancrer durablement dans les diff\u00e9rents champs de la vie sociale.<\/div>\n<div><strong>Mots-cl\u00e9s<\/strong>: transnationalisme migrant, TICs, copr\u00e9sence, liens sociaux, Roumains de Suisse<\/div>\n<\/div>\n<\/div>\n<\/div>\n<\/div>\n<\/div>\n<\/div>\n<\/div>\n<\/div>\n<\/div>\n<\/div>\n<\/div>\n<\/div>\n<\/blockquote>\n","protected":false},"excerpt":{"rendered":"<p>Author(s) : Mihaela Nedelcu, Malika Wyss Source : http:\/\/web.a.ebscohost.com\/abstract?direct=true&amp;profile=ehost&amp;scope=site&amp;authtype=crawler&amp;jrnl=03793664&amp;AN=101512242&amp;h=dlY8ONRxL09OzXOghePuQwKiEmy9SG5qifakwkDd%2bN5kEnd6MxUQdC3xOlKCyTIpUtkVzBUXhkDhxKn7dYeJHA%3d%3d&amp;crl=c&amp;resultNs=AdminWebAuth&amp;resultLocal=ErrCrlNotAuth&amp;crlhashurl=login.aspx%3fdirect%3dtrue%26profile%3dehost%26scope%3dsite%26authtype%3dcrawler%26jrnl%3d03793664%26AN%3d101512242 Abstract:<\/p>\n","protected":false},"author":4,"featured_media":0,"comment_status":"open","ping_status":"open","sticky":false,"template":"","format":"standard","meta":{"_kadence_starter_templates_imported_post":false,"_kad_post_transparent":"","_kad_post_title":"","_kad_post_layout":"","_kad_post_sidebar_id":"","_kad_post_content_style":"","_kad_post_vertical_padding":"","_kad_post_feature":"","_kad_post_feature_position":"","_kad_post_header":false,"_kad_post_footer":false,"_kad_post_classname":"","jetpack_post_was_ever_published":false,"_jetpack_newsletter_access":"","_jetpack_dont_email_post_to_subs":false,"_jetpack_newsletter_tier_id":0,"_jetpack_memberships_contains_paywalled_content":false,"_jetpack_memberships_contains_paid_content":false,"footnotes":""},"categories":[43],"tags":[141,7,52,17,388,115,23,91,207,26],"class_list":["post-1554","post","type-post","status-publish","format-standard","hentry","category-the-migration-phenomenon","tag-141","tag-article","tag-french-language","tag-immigrants","tag-livelihoods","tag-mass-media","tag-romanians","tag-social-integration","tag-social-networks","tag-transnationalism"],"jetpack_featured_media_url":"","jetpack_sharing_enabled":true,"_links":{"self":[{"href":"https:\/\/swissmig.unine.ch\/index.php?rest_route=\/wp\/v2\/posts\/1554","targetHints":{"allow":["GET"]}}],"collection":[{"href":"https:\/\/swissmig.unine.ch\/index.php?rest_route=\/wp\/v2\/posts"}],"about":[{"href":"https:\/\/swissmig.unine.ch\/index.php?rest_route=\/wp\/v2\/types\/post"}],"author":[{"embeddable":true,"href":"https:\/\/swissmig.unine.ch\/index.php?rest_route=\/wp\/v2\/users\/4"}],"replies":[{"embeddable":true,"href":"https:\/\/swissmig.unine.ch\/index.php?rest_route=%2Fwp%2Fv2%2Fcomments&post=1554"}],"version-history":[{"count":0,"href":"https:\/\/swissmig.unine.ch\/index.php?rest_route=\/wp\/v2\/posts\/1554\/revisions"}],"wp:attachment":[{"href":"https:\/\/swissmig.unine.ch\/index.php?rest_route=%2Fwp%2Fv2%2Fmedia&parent=1554"}],"wp:term":[{"taxonomy":"category","embeddable":true,"href":"https:\/\/swissmig.unine.ch\/index.php?rest_route=%2Fwp%2Fv2%2Fcategories&post=1554"},{"taxonomy":"post_tag","embeddable":true,"href":"https:\/\/swissmig.unine.ch\/index.php?rest_route=%2Fwp%2Fv2%2Ftags&post=1554"}],"curies":[{"name":"wp","href":"https:\/\/api.w.org\/{rel}","templated":true}]}}