{"id":1550,"date":"2017-11-16T21:49:19","date_gmt":"2017-11-16T20:49:19","guid":{"rendered":"https:\/\/swissmig.wordpress.com\/?p=1550"},"modified":"2017-11-16T21:49:19","modified_gmt":"2017-11-16T20:49:19","slug":"etude-sur-les-jeunes-etrangers-de-la-troisieme-generation-residant-en-suisse-rapport-a-lintention-du-secretariat-detat-aux-migrations","status":"publish","type":"post","link":"https:\/\/swissmig.unine.ch\/?p=1550","title":{"rendered":"Etude sur les jeunes \u00e9trangers de la troisi\u00e8me g\u00e9n\u00e9ration r\u00e9sidant en Suisse: rapport \u00e0 l\u2019intention du Secr\u00e9tariat d\u2019Etat aux migrations"},"content":{"rendered":"<h3>Author(s) : Dina Bader, Rosita Fibbi<\/h3>\n<h3>Source : <a href=\"https:\/\/www.sem.admin.ch\/dam\/data\/ejpd\/aktuell\/abstimmungen\/2017-02-12\/161220-studie-sfm.pdf\" target=\"_blank\" rel=\"noopener\">https:\/\/www.sem.admin.ch\/dam\/data\/ejpd\/aktuell\/abstimmungen\/2017-02-12\/161220-studie-sfm.pdf<\/a><\/h3>\n<p><strong>Abstract: <\/strong><!--more--><\/p>\n<blockquote>\n<div class=\"journalAbstract\">\n<div>\n<div id=\"articleAbstract\">\n<div class=\"Abstracts\">\n<div id=\"aep-abstract-id6\" class=\"abstract author\" lang=\"en\">\n<div id=\"aep-abstract-sec-id7\">\n<div class=\"NLM_sec NLM_sec_level_1\">\n<div class=\"panel-pane pane-content-field pane-field-abstract\">\n<div class=\"pane-content\">\n<div class=\"field field-type-text field-field-abstract\">\n<div class=\"field-items\">\n<div class=\"field-item odd\">\n<div class=\"textLayer\">\n<div>Le Secr\u00e9tariat d\u2019Etat aux migrations (SEM) a confi\u00e9 au Forum suisse pour l\u2019\u00e9tude des<\/div>\n<div>migrations et de la population (SFM) une \u00e9tude qualitative sur les jeunes \u00e9trangers de la troisi\u00e8me g\u00e9n\u00e9ration (G3) et la naturalisation dans le cadre des travaux parlementaires concernant l\u2019initiative Marra (08.432) du 9 juin 2008. L\u2019objectif de recherche est de comprendre les raisons pour lesquelles ces jeunes ne sont pas encore devenus citoyens suisses et leur attitude par rapport \u00e0 la naturalisation facilit\u00e9e. Suivant une d\u00e9marche exploratoire, nous avons men\u00e9 des entretiens semi-<\/div>\n<div>directifs avec 14 jeunes, r\u00e9pondant aux crit\u00e8res d\u2019\u00e9ligibilit\u00e9 pour la proc\u00e9dure facilit\u00e9e de naturalisation des G3. Ce groupe d\u2019interview\u00e9s a \u00e9t\u00e9 s\u00e9lectionn\u00e9 sur la base du genre, de la nationalit\u00e9 et du canton de r\u00e9sidence : il refl\u00e8te ainsi les clivages observ\u00e9s dans l\u2019\u00e9tude quantitative sur la m\u00eame th\u00e9matique, pr\u00e9alable \u00e0 notre recherche, men\u00e9e par Prof. Philippe Wanner (2016).<\/div>\n<\/div>\n<\/div>\n<\/div>\n<\/div>\n<\/div>\n<\/div>\n<\/div>\n<\/div>\n<\/div>\n<\/div>\n<\/div>\n<\/div>\n<\/div>\n<\/blockquote>\n","protected":false},"excerpt":{"rendered":"<p>Author(s) : Dina Bader, Rosita Fibbi Source : https:\/\/www.sem.admin.ch\/dam\/data\/ejpd\/aktuell\/abstimmungen\/2017-02-12\/161220-studie-sfm.pdf Abstract:<\/p>\n","protected":false},"author":4,"featured_media":0,"comment_status":"open","ping_status":"open","sticky":false,"template":"","format":"standard","meta":{"_kadence_starter_templates_imported_post":false,"_kad_post_transparent":"","_kad_post_title":"","_kad_post_layout":"","_kad_post_sidebar_id":"","_kad_post_content_style":"","_kad_post_vertical_padding":"","_kad_post_feature":"","_kad_post_feature_position":"","_kad_post_header":false,"_kad_post_footer":false,"_kad_post_classname":"","jetpack_post_was_ever_published":false,"_jetpack_newsletter_access":"","_jetpack_dont_email_post_to_subs":false,"_jetpack_newsletter_tier_id":0,"_jetpack_memberships_contains_paywalled_content":false,"_jetpack_memberships_contains_paid_content":false,"footnotes":""},"categories":[12],"tags":[48,70,92,52,154,36,93,373,249,374,96,72,118],"class_list":["post-1550","post","type-post","status-publish","format-standard","hentry","category-politics","tag-48","tag-citizenship","tag-country-of-origin","tag-french-language","tag-interviews","tag-migration-policy","tag-naturalization","tag-qualitative-research","tag-report","tag-third-generation","tag-voting-behaviour","tag-voting-rights","tag-youth"],"jetpack_featured_media_url":"","jetpack_sharing_enabled":true,"_links":{"self":[{"href":"https:\/\/swissmig.unine.ch\/index.php?rest_route=\/wp\/v2\/posts\/1550","targetHints":{"allow":["GET"]}}],"collection":[{"href":"https:\/\/swissmig.unine.ch\/index.php?rest_route=\/wp\/v2\/posts"}],"about":[{"href":"https:\/\/swissmig.unine.ch\/index.php?rest_route=\/wp\/v2\/types\/post"}],"author":[{"embeddable":true,"href":"https:\/\/swissmig.unine.ch\/index.php?rest_route=\/wp\/v2\/users\/4"}],"replies":[{"embeddable":true,"href":"https:\/\/swissmig.unine.ch\/index.php?rest_route=%2Fwp%2Fv2%2Fcomments&post=1550"}],"version-history":[{"count":0,"href":"https:\/\/swissmig.unine.ch\/index.php?rest_route=\/wp\/v2\/posts\/1550\/revisions"}],"wp:attachment":[{"href":"https:\/\/swissmig.unine.ch\/index.php?rest_route=%2Fwp%2Fv2%2Fmedia&parent=1550"}],"wp:term":[{"taxonomy":"category","embeddable":true,"href":"https:\/\/swissmig.unine.ch\/index.php?rest_route=%2Fwp%2Fv2%2Fcategories&post=1550"},{"taxonomy":"post_tag","embeddable":true,"href":"https:\/\/swissmig.unine.ch\/index.php?rest_route=%2Fwp%2Fv2%2Ftags&post=1550"}],"curies":[{"name":"wp","href":"https:\/\/api.w.org\/{rel}","templated":true}]}}