{"id":14989,"date":"2020-08-31T08:00:17","date_gmt":"2020-08-31T07:00:17","guid":{"rendered":"https:\/\/swissmig.wordpress.com\/?p=14989"},"modified":"2020-08-31T08:00:17","modified_gmt":"2020-08-31T07:00:17","slug":"kantonale-spielraume-im-wandel-migrationspolitik-in-der-schweiz","status":"publish","type":"post","link":"https:\/\/swissmig.unine.ch\/?p=14989","title":{"rendered":"Kantonale Spielr\u00e4ume im Wandel: Migrationspolitik in der Schweiz"},"content":{"rendered":"<h3>Author(s) : Johanna Probst, Gianni D&#8217;Amato, Samantha Dunning, Denise Efionayi-M\u00e4der, Jo\u00eblle Fehlmann, Andreas Perret, Didier Ruedin, Irina Sille<\/h3>\n<h3>Source : <a href=\"https:\/\/libra.unine.ch\/handle\/123456789\/2544\" target=\"_blank\" rel=\"noopener\">https:\/\/libra.unine.ch\/handle\/123456789\/2544<\/a><\/h3>\n<p><strong>Abstract: <\/strong><!--more--><\/p>\n<blockquote>\n<div class=\"hlFld-Abstract\">\n<div class=\"abstractSection abstractInFull\">&#8220;Die Schweiz hat sich ver\u00e4ndert. Sie ist zur Heimat geworden f\u00fcr viele, deren Vorfahren in den letzten Jahrzehnten und Jahren von anderswo zugezogen sind. Vielfalt und Verschiedenheit \u2013 geradezu eine conditio humana der Schweiz \u2013 brauchen Verst\u00e4ndigung \u00fcber das, was uns gemeinsam ist. Dieses Bestreben, eingerahmt in einen gesellschaftlichen Prozess des Austauschs und der gegenseitigen Ver\u00e4nderung, ist letztlich Integration. Die Schweiz hat auf diesem Weg der Konsensfindung sowohl in der Vergangenheit als auch in der Gegenwart grosse Erfolge verzeichnet, es braucht aber weiterhin Anstrengungen auf der Suche nach dem verbindenden \u00abWir\u00bb. In einem f\u00f6deralen, auf Subsidiarit\u00e4t verpflichteten System wie jenem der Schweiz findet Integration vornehmlich in den Kantonen und Gemeinden statt. Es gibt in einem f\u00f6deralen System somit auch nicht eine Integrationspolitik, ebenso wenig wie man angesichts kantonaler Unterschiede von der Integration sprechen kann, obschon mit den Kantonalen Integrationsprogrammen konvergierende Schwerpunkte gesetzt worden sind. Aus guten Gr\u00fcnden haben also das Schweizerische Forum f\u00fcr Migrations- und Bev\u00f6lkerungsstudien (SFM) gemeinsam mit dem nccr \u2013 on the move (Nationaler Forschungsschwerpunkt Migration und Mobilit\u00e4t), welcher der Integration im f\u00f6deralen Kontext grosse Aufmerksamkeit schenkt, eine Studie angeregt, die den Stand des Zusammenspiels von Bund und Kantonen in der Migrations- und Integrationspolitik untersucht. Dabei sollte die Vielfalt unterschiedlicher Vorgehensweisen, Strukturen und Strategien unter die Lupe genommen werden, wie dies bereits in einer 2011 vom SFM durchgef\u00fchrten Studie zum gleichen Thema erfolgt ist. Die Eidgen\u00f6ssische Migrationskommission (EKM), das Staatssekretariat f\u00fcr Migration (SEM), die Fachstelle f\u00fcr Rassismusbek\u00e4mpfung (FRB) und acht Kantone entschlossen sich, die Studie zu unterst\u00fctzten. Ausserdem erfreute sich das Forschungsteam der strategischen Begleitung und der praktischen Unterst\u00fctzung zahlreicher kantonaler Fachkonferenzen und -verb\u00e4nde aus dem Migrationsbereich. Wie 2011 werden namentlich die Integrationsf\u00f6rderung, die Zulassungs- und Einb\u00fcrgerungspraxis sowie die Aufnahme im Asylbereich n\u00e4her untersucht. Neu sind Schutz vor Diskriminierung (sowie \u00d6ffnung der Institutionen) und die Integration von Fl\u00fcchtlingen in die Studienanlage aufgenommen worden. Als Beobachtungszeitpunkt wurde der Dezember 2017 gew\u00e4hlt. Dies erm\u00f6glicht, den Stand der Dinge vor Eintreten verschiedener Neuerungen im Ausl\u00e4nder-, Integrations-, Asyl- und B\u00fcrgerrecht ab 2018 zu dokumentieren und somit eine Vergleichsgrundlage f\u00fcr k\u00fcnftig Neuerhebungen zu schaffen.&#8221;<\/div>\n<div><\/div>\n<div><strong>Keywords<\/strong>: asylum policy, cantons, integration programmes, SFM Studies, discrimination, comparative analysis<\/div>\n<\/div>\n<\/blockquote>\n","protected":false},"excerpt":{"rendered":"<p>Author(s) : Johanna Probst, Gianni D&#8217;Amato, Samantha Dunning, Denise Efionayi-M\u00e4der,&#8230;<\/p>\n","protected":false},"author":4,"featured_media":0,"comment_status":"open","ping_status":"open","sticky":false,"template":"","format":"standard","meta":{"_kadence_starter_templates_imported_post":false,"_kad_post_transparent":"","_kad_post_title":"","_kad_post_layout":"","_kad_post_sidebar_id":"","_kad_post_content_style":"","_kad_post_vertical_padding":"","_kad_post_feature":"","_kad_post_feature_position":"","_kad_post_header":false,"_kad_post_footer":false,"_kad_post_classname":"","jetpack_post_was_ever_published":false,"_jetpack_newsletter_access":"","_jetpack_dont_email_post_to_subs":false,"_jetpack_newsletter_tier_id":0,"_jetpack_memberships_contains_paywalled_content":false,"_jetpack_memberships_contains_paid_content":false,"footnotes":""},"categories":[12],"tags":[582,49,273,57,120,146,73,387,160,36,93,94,90,103,249,645,91],"class_list":["post-14989","post","type-post","status-publish","format-standard","hentry","category-politics","tag-582","tag-asylum-policy","tag-cantons","tag-comparative-analysis","tag-data-analysis","tag-discrimination","tag-german-language","tag-integration-policy","tag-integration-programmes","tag-migration-policy","tag-naturalization","tag-political-system","tag-reception-policy","tag-refugees","tag-report","tag-sfm-studies","tag-social-integration"],"jetpack_featured_media_url":"","jetpack_sharing_enabled":true,"_links":{"self":[{"href":"https:\/\/swissmig.unine.ch\/index.php?rest_route=\/wp\/v2\/posts\/14989","targetHints":{"allow":["GET"]}}],"collection":[{"href":"https:\/\/swissmig.unine.ch\/index.php?rest_route=\/wp\/v2\/posts"}],"about":[{"href":"https:\/\/swissmig.unine.ch\/index.php?rest_route=\/wp\/v2\/types\/post"}],"author":[{"embeddable":true,"href":"https:\/\/swissmig.unine.ch\/index.php?rest_route=\/wp\/v2\/users\/4"}],"replies":[{"embeddable":true,"href":"https:\/\/swissmig.unine.ch\/index.php?rest_route=%2Fwp%2Fv2%2Fcomments&post=14989"}],"version-history":[{"count":0,"href":"https:\/\/swissmig.unine.ch\/index.php?rest_route=\/wp\/v2\/posts\/14989\/revisions"}],"wp:attachment":[{"href":"https:\/\/swissmig.unine.ch\/index.php?rest_route=%2Fwp%2Fv2%2Fmedia&parent=14989"}],"wp:term":[{"taxonomy":"category","embeddable":true,"href":"https:\/\/swissmig.unine.ch\/index.php?rest_route=%2Fwp%2Fv2%2Fcategories&post=14989"},{"taxonomy":"post_tag","embeddable":true,"href":"https:\/\/swissmig.unine.ch\/index.php?rest_route=%2Fwp%2Fv2%2Ftags&post=14989"}],"curies":[{"name":"wp","href":"https:\/\/api.w.org\/{rel}","templated":true}]}}