{"id":14986,"date":"2020-08-31T08:00:20","date_gmt":"2020-08-31T07:00:20","guid":{"rendered":"https:\/\/swissmig.wordpress.com\/?p=14986"},"modified":"2020-08-31T08:00:20","modified_gmt":"2020-08-31T07:00:20","slug":"marges-de-manoeuvre-cantonales-en-mutation-politique-migratoire-en-suisse","status":"publish","type":"post","link":"https:\/\/swissmig.unine.ch\/?p=14986","title":{"rendered":"Marges de man\u0153uvre cantonales en mutation : politique migratoire en Suisse"},"content":{"rendered":"<h3>Author(s) : Johanna Probst, Gianni D&#8217;Amato, Samantha Dunning, Denise Efionayi-M\u00e4der, Jo\u00eblle Fehlmann, Andreas Perret, Didier Ruedin, Irina Sille<\/h3>\n<h3>Source : <a href=\"https:\/\/libra.unine.ch\/handle\/123456789\/2546\" target=\"_blank\" rel=\"noopener\">https:\/\/libra.unine.ch\/handle\/123456789\/2546<\/a><\/h3>\n<p><strong>Abstract: <\/strong><!--more--><\/p>\n<blockquote>\n<div class=\"hlFld-Abstract\">\n<div class=\"abstractSection abstractInFull\">&#8220;La Suisse a chang\u00e9. Elle est devenue la &#8220;Heimat&#8221; de nombre de personnes dont les a\u00efeux sont venus d\u2019ailleurs au cours des derni\u00e8res d\u00e9cennies et ann\u00e9es. La diversit\u00e9 et la diff\u00e9rence \u2013pour ainsi dire une &#8220;conditio humana&#8221; de la Suisse \u2013appellent \u00e0 une conversation sur ce qui nous est commun. Cet effort,qui s\u2019inscrit dans un processus social d\u2019\u00e9change et de changement mutuel, est en fin de compte l\u2019int\u00e9gration. Dans le pass\u00e9 comme dans le pr\u00e9sent, la Suisse a obtenu de bons r\u00e9sultats dans ce processus de recherche d\u2019un consensus, mais des efforts restent \u00e0 faire dans la qu\u00eate du &#8220;nous&#8221; unificateur. Dans un syst\u00e8me f\u00e9d\u00e9ral comme celui de la Suisse, attach\u00e9 au syst\u00e8me de la subsidiarit\u00e9, l\u2019int\u00e9gration se fait principalement dans les cantons et les communes. Il n\u2019y a donc pas une politique d\u2019int\u00e9gration dans un syst\u00e8me f\u00e9d\u00e9ral, tout comme on ne peut pas parler d\u2019int\u00e9gration au singulier au regard des diff\u00e9rences cantonales, bien que des priorit\u00e9s convergentes aient \u00e9t\u00e9 fix\u00e9es avec les programmes cantonaux d\u2019int\u00e9gration. Pour ces bonnes raisons, le Forum suisse pour l\u2019\u00e9tude des migrations et de la population (SFM), en collaboration avec nccr \u2013on the move (P\u00f4le de recherche national sur la migration et la mobilit\u00e9), qui accorde une grande attention \u00e0 l\u2019int\u00e9gration dans le contexte f\u00e9d\u00e9ral, a lanc\u00e9 une \u00e9tude qui examine l\u2019\u00e9tat de l\u2019interaction entre la Conf\u00e9d\u00e9ration et les cantons dans la politique de migration et d\u2019int\u00e9gration. A cette fin, la diversit\u00e9 des approches, des structures et des strat\u00e9gies doit \u00eatre examin\u00e9e, comme cela a d\u00e9j\u00e0 \u00e9t\u00e9 le cas dans une \u00e9tude sur le m\u00eame sujet r\u00e9alis\u00e9e par le SFM en 2011. La Commission f\u00e9d\u00e9rale des migrations (CFM), le Secr\u00e9tariat d\u2019Etat aux migrations (SEM), le Service de lutte contre le racisme (SLR) et huit cantons ont d\u00e9cid\u00e9 de soutenir cette \u00e9tude. En outre, l\u2019\u00e9quipe de recherche a b\u00e9n\u00e9fici\u00e9 de l\u2019accompagnement strat\u00e9gique et du soutien pratique de nombreuses conf\u00e9rences et associations cantonales sp\u00e9cialis\u00e9es du domaine de la migration. Comme en 2011, l\u2019encouragement de l\u2019int\u00e9gration, la pratique d\u2019admission et de naturalisation ainsi que la prise en charge dans le domaine de l\u2019asile sont examin\u00e9s en d\u00e9tail. La protection contre la discrimination (ainsi que l\u2019ouverture institutionnelle) et l\u2019int\u00e9gration des r\u00e9fugi\u00e9\u00b7e\u00b7s ont \u00e9t\u00e9 ajout\u00e9 au concept de l\u2019\u00e9tude. D\u00e9cembre 2017 a \u00e9t\u00e9 choisi comme date de r\u00e9f\u00e9rence pour l\u2019observation. Ceci permet de documenter l\u2019\u00e9tat des choses avant la mise en application de diverses nouveaut\u00e9s en mati\u00e8re de droits des \u00e9trangers, d\u2019int\u00e9gration, d\u2019asile et de la nationalit\u00e9 \u00e0 partir de 2018 et de cr\u00e9er ainsi une base de comparaison pour des \u00e9tudes \u00e0 venir.&#8221;<\/div>\n<div><\/div>\n<\/div>\n<div><strong>Keywords<\/strong>: asylum policy, cantons, integration programmes, SFM Studies, discrimination, comparative analysis<\/div>\n<\/blockquote>\n","protected":false},"excerpt":{"rendered":"<p>Author(s) : Johanna Probst, Gianni D&#8217;Amato, Samantha Dunning, Denise Efionayi-M\u00e4der,&#8230;<\/p>\n","protected":false},"author":4,"featured_media":0,"comment_status":"open","ping_status":"open","sticky":false,"template":"","format":"standard","meta":{"_kadence_starter_templates_imported_post":false,"_kad_post_transparent":"","_kad_post_title":"","_kad_post_layout":"","_kad_post_sidebar_id":"","_kad_post_content_style":"","_kad_post_vertical_padding":"","_kad_post_feature":"","_kad_post_feature_position":"","_kad_post_header":false,"_kad_post_footer":false,"_kad_post_classname":"","jetpack_post_was_ever_published":false,"_jetpack_newsletter_access":"","_jetpack_dont_email_post_to_subs":false,"_jetpack_newsletter_tier_id":0,"_jetpack_memberships_contains_paywalled_content":false,"_jetpack_memberships_contains_paid_content":false,"footnotes":""},"categories":[12],"tags":[582,49,273,57,120,146,52,387,160,36,93,94,90,103,249,645,91],"class_list":["post-14986","post","type-post","status-publish","format-standard","hentry","category-politics","tag-582","tag-asylum-policy","tag-cantons","tag-comparative-analysis","tag-data-analysis","tag-discrimination","tag-french-language","tag-integration-policy","tag-integration-programmes","tag-migration-policy","tag-naturalization","tag-political-system","tag-reception-policy","tag-refugees","tag-report","tag-sfm-studies","tag-social-integration"],"jetpack_featured_media_url":"","jetpack_sharing_enabled":true,"_links":{"self":[{"href":"https:\/\/swissmig.unine.ch\/index.php?rest_route=\/wp\/v2\/posts\/14986","targetHints":{"allow":["GET"]}}],"collection":[{"href":"https:\/\/swissmig.unine.ch\/index.php?rest_route=\/wp\/v2\/posts"}],"about":[{"href":"https:\/\/swissmig.unine.ch\/index.php?rest_route=\/wp\/v2\/types\/post"}],"author":[{"embeddable":true,"href":"https:\/\/swissmig.unine.ch\/index.php?rest_route=\/wp\/v2\/users\/4"}],"replies":[{"embeddable":true,"href":"https:\/\/swissmig.unine.ch\/index.php?rest_route=%2Fwp%2Fv2%2Fcomments&post=14986"}],"version-history":[{"count":0,"href":"https:\/\/swissmig.unine.ch\/index.php?rest_route=\/wp\/v2\/posts\/14986\/revisions"}],"wp:attachment":[{"href":"https:\/\/swissmig.unine.ch\/index.php?rest_route=%2Fwp%2Fv2%2Fmedia&parent=14986"}],"wp:term":[{"taxonomy":"category","embeddable":true,"href":"https:\/\/swissmig.unine.ch\/index.php?rest_route=%2Fwp%2Fv2%2Fcategories&post=14986"},{"taxonomy":"post_tag","embeddable":true,"href":"https:\/\/swissmig.unine.ch\/index.php?rest_route=%2Fwp%2Fv2%2Ftags&post=14986"}],"curies":[{"name":"wp","href":"https:\/\/api.w.org\/{rel}","templated":true}]}}