{"id":14980,"date":"2020-08-31T08:00:12","date_gmt":"2020-08-31T07:00:12","guid":{"rendered":"https:\/\/swissmig.wordpress.com\/?p=14980"},"modified":"2020-08-31T08:00:12","modified_gmt":"2020-08-31T07:00:12","slug":"ageing-abroad-the-case-of-swiss-nationals-in-morocco-and-spain-vieillir-a-letranger-le-cas-des-ressortissant%c2%b7e%c2%b7s-suisses-au-maroc-et-en-espagne","status":"publish","type":"post","link":"https:\/\/swissmig.unine.ch\/?p=14980","title":{"rendered":"Ageing Abroad. The Case of Swiss Nationals in Morocco and Spain \/ Vieillir \u00e0 l\u2019\u00e9tranger. Le cas des ressortissant\u00b7e\u00b7s suisses au Maroc et en Espagne"},"content":{"rendered":"<h3>Author(s) : Marion Repetti, Claudio Bolzman<\/h3>\n<h3>Source : <a href=\"https:\/\/doi.org\/10.2478\/sjs-2020-0011\" target=\"_blank\" rel=\"noopener\">https:\/\/doi.org\/10.2478\/sjs-2020-0011<\/a><\/h3>\n<p><strong>Abstract: <\/strong><!--more--><\/p>\n<blockquote>\n<div class=\"hlFld-Abstract\">\n<p class=\"abstractSection abstractInFull\">&#8220;Cultural, social, and economic factors have led to an increase in late-life migration of citizens from richer countries to poorer ones. Although research interest in this phenomenon has risen as well, the case of people leaving Switzerland remains little studied. Yet, in 2017, 11 % of Swiss men and women aged 65 and over lived abroad. Drawing on two case studies of older Swiss migrants to Spain and Morocco, this article contributes to a better understanding of this phenomenon.&#8221;<\/p>\n<div id=\"container-78553-item-78568\" class=\"container-item\">\n<div class=\"component component-content-item component-content-metadata \">\n<div class=\"content-box box no-border no-padding no-header vertical-margin-bottom null\">\n<div class=\"content-box-body null\">\n<div class=\"definition-list list-count-1 single-line\">\n<div class=\"column\">\n<dl class=\"c-List__items\">\n<dt class=\"inline c-List__item c-List__item--primary text-metadata-label\"><strong>Keywords<\/strong>: Old age; migration; transnationalism; health; integration<\/dt>\n<\/dl>\n<p>&#8220;La migration tardive de ressortissant\u00b7e\u00b7s de pays riches vers des pays plus pauvres est de plus en plus fr\u00e9quente. Elle est port\u00e9e par des motivations d\u2019ordre culturel, social et \u00e9conomique. Si de plus en plus d\u2019auteur\u00b7e\u00b7s s\u2019int\u00e9ressent \u00e0 cette pratique, ils et elles ne s\u2019int\u00e9ressent que rarement au cas des personnes quittant la Suisse. Pourtant, en 2017, 11 % des Suissesses et des Suisses \u00e2g\u00e9s de 65 ans et plus vivaient \u00e0 l\u2019\u00e9tranger. Se basant sur des \u00e9tudes de cas en Espagne et au Maroc, cet article contribue \u00e0 mieux conna\u00eetre ce ph\u00e9nom\u00e8ne.&#8221;<\/p>\n<p><strong>Mots-cl\u00e9s<\/strong> : Vieillesse, migration, transnationalisme, sant\u00e9, int\u00e9gration<\/p>\n<\/div>\n<\/div>\n<\/div>\n<\/div>\n<\/div>\n<\/div>\n<\/div>\n<\/blockquote>\n","protected":false},"excerpt":{"rendered":"<p>Author(s) : Marion Repetti, Claudio Bolzman Source : https:\/\/doi.org\/10.2478\/sjs-2020-0011 Abstract:<\/p>\n","protected":false},"author":4,"featured_media":0,"comment_status":"open","ping_status":"open","sticky":false,"template":"","format":"standard","meta":{"_kadence_starter_templates_imported_post":false,"_kad_post_transparent":"","_kad_post_title":"","_kad_post_layout":"","_kad_post_sidebar_id":"","_kad_post_content_style":"","_kad_post_vertical_padding":"","_kad_post_feature":"","_kad_post_feature_position":"","_kad_post_header":false,"_kad_post_footer":false,"_kad_post_classname":"","jetpack_post_was_ever_published":false,"_jetpack_newsletter_access":"","_jetpack_dont_email_post_to_subs":false,"_jetpack_newsletter_tier_id":0,"_jetpack_memberships_contains_paywalled_content":false,"_jetpack_memberships_contains_paid_content":false,"footnotes":""},"categories":[43],"tags":[654,7,15,142,137,52,153,104,138,674,60,91,221,26],"class_list":["post-14980","post","type-post","status-publish","format-standard","hentry","category-the-migration-phenomenon","tag-654","tag-article","tag-economic-impact","tag-elderly","tag-emigration","tag-french-language","tag-health","tag-living-conditions","tag-migration-motives","tag-morocco","tag-older-migrants","tag-social-integration","tag-spain","tag-transnationalism"],"jetpack_featured_media_url":"","jetpack_sharing_enabled":true,"_links":{"self":[{"href":"https:\/\/swissmig.unine.ch\/index.php?rest_route=\/wp\/v2\/posts\/14980","targetHints":{"allow":["GET"]}}],"collection":[{"href":"https:\/\/swissmig.unine.ch\/index.php?rest_route=\/wp\/v2\/posts"}],"about":[{"href":"https:\/\/swissmig.unine.ch\/index.php?rest_route=\/wp\/v2\/types\/post"}],"author":[{"embeddable":true,"href":"https:\/\/swissmig.unine.ch\/index.php?rest_route=\/wp\/v2\/users\/4"}],"replies":[{"embeddable":true,"href":"https:\/\/swissmig.unine.ch\/index.php?rest_route=%2Fwp%2Fv2%2Fcomments&post=14980"}],"version-history":[{"count":0,"href":"https:\/\/swissmig.unine.ch\/index.php?rest_route=\/wp\/v2\/posts\/14980\/revisions"}],"wp:attachment":[{"href":"https:\/\/swissmig.unine.ch\/index.php?rest_route=%2Fwp%2Fv2%2Fmedia&parent=14980"}],"wp:term":[{"taxonomy":"category","embeddable":true,"href":"https:\/\/swissmig.unine.ch\/index.php?rest_route=%2Fwp%2Fv2%2Fcategories&post=14980"},{"taxonomy":"post_tag","embeddable":true,"href":"https:\/\/swissmig.unine.ch\/index.php?rest_route=%2Fwp%2Fv2%2Ftags&post=14980"}],"curies":[{"name":"wp","href":"https:\/\/api.w.org\/{rel}","templated":true}]}}