{"id":14971,"date":"2020-08-31T08:00:30","date_gmt":"2020-08-31T07:00:30","guid":{"rendered":"https:\/\/swissmig.wordpress.com\/?p=14971"},"modified":"2020-08-31T08:00:30","modified_gmt":"2020-08-31T07:00:30","slug":"migration-und-arbeitsmarkt-eine-empirische-analyse-der-performance-von-auslaendern-in-der-schweiz","status":"publish","type":"post","link":"https:\/\/swissmig.unine.ch\/?p=14971","title":{"rendered":"Migration und Arbeitsmarkt : Eine empirische Analyse der Performance von Auslaendern in der Schweiz"},"content":{"rendered":"<h3>Author(s) : Stefan Golder<\/h3>\n<h3>Source : <a href=\"https:\/\/library.oapen.org\/handle\/20.500.12657\/27102\" target=\"_blank\" rel=\"noopener\">https:\/\/library.oapen.org\/handle\/20.500.12657\/27102<\/a><\/h3>\n<p><strong>Abstract: <\/strong><!--more--><\/p>\n<blockquote>\n<div class=\"hlFld-Abstract\">\n<div class=\"abstractSection abstractInFull\">&#8220;Die Entwicklung der schweizerischen Volkswirtschaft ist stark von der Zuwanderung ausl\u00e4ndischer Arbeitskr\u00e4fte gepr\u00e4gt. Strukturelle Ver\u00e4nderungen im Migrationsangebot und in der Migrationsnachfrage haben dazu gef\u00fchrt, da\u00df die schweizerische Migrationspolitik vor gro\u00dfen Herausforderungen steht. Die Analyse der Arbeitsmarktperformance, d.h. der Vergleich der Besch\u00e4ftigungs- und Einkommenssituation von In- und Ausl\u00e4ndern, erm\u00f6glicht eine umfassende Evaluation dieses Zusammenhangs. Die Analyse der Arbeitsmarktperformance erfolgt \u00fcber lineare sowie Probit Regressionen im Rahmen einer Querschnittsanalyse. Basierend auf den Erkenntnissen dieser \u00dcberlegungen werden Vorschl\u00e4ge zur Neuorientierung der schweizerischen Migrationspolitik abgeleitet.&#8221;<\/div>\n<\/div>\n<\/blockquote>\n","protected":false},"excerpt":{"rendered":"<p>Author(s) : Stefan Golder Source : https:\/\/library.oapen.org\/handle\/20.500.12657\/27102 Abstract:<\/p>\n","protected":false},"author":4,"featured_media":0,"comment_status":"open","ping_status":"open","sticky":false,"template":"","format":"standard","meta":{"_kadence_starter_templates_imported_post":false,"_kad_post_transparent":"","_kad_post_title":"","_kad_post_layout":"","_kad_post_sidebar_id":"","_kad_post_content_style":"","_kad_post_vertical_padding":"","_kad_post_feature":"","_kad_post_feature_position":"","_kad_post_header":false,"_kad_post_footer":false,"_kad_post_classname":"","jetpack_post_was_ever_published":false,"_jetpack_newsletter_access":"","_jetpack_dont_email_post_to_subs":false,"_jetpack_newsletter_tier_id":0,"_jetpack_memberships_contains_paywalled_content":false,"_jetpack_memberships_contains_paid_content":false,"footnotes":""},"categories":[16],"tags":[285,562,57,92,120,82,28,73,87,19,36,384,158],"class_list":["post-14971","post","type-post","status-publish","format-standard","hentry","category-economics","tag-285","tag-book","tag-comparative-analysis","tag-country-of-origin","tag-data-analysis","tag-ethnic-discrimination","tag-foreigners","tag-german-language","tag-history","tag-labour-market","tag-migration-policy","tag-workers","tag-working-conditions"],"jetpack_featured_media_url":"","jetpack_sharing_enabled":true,"_links":{"self":[{"href":"https:\/\/swissmig.unine.ch\/index.php?rest_route=\/wp\/v2\/posts\/14971","targetHints":{"allow":["GET"]}}],"collection":[{"href":"https:\/\/swissmig.unine.ch\/index.php?rest_route=\/wp\/v2\/posts"}],"about":[{"href":"https:\/\/swissmig.unine.ch\/index.php?rest_route=\/wp\/v2\/types\/post"}],"author":[{"embeddable":true,"href":"https:\/\/swissmig.unine.ch\/index.php?rest_route=\/wp\/v2\/users\/4"}],"replies":[{"embeddable":true,"href":"https:\/\/swissmig.unine.ch\/index.php?rest_route=%2Fwp%2Fv2%2Fcomments&post=14971"}],"version-history":[{"count":0,"href":"https:\/\/swissmig.unine.ch\/index.php?rest_route=\/wp\/v2\/posts\/14971\/revisions"}],"wp:attachment":[{"href":"https:\/\/swissmig.unine.ch\/index.php?rest_route=%2Fwp%2Fv2%2Fmedia&parent=14971"}],"wp:term":[{"taxonomy":"category","embeddable":true,"href":"https:\/\/swissmig.unine.ch\/index.php?rest_route=%2Fwp%2Fv2%2Fcategories&post=14971"},{"taxonomy":"post_tag","embeddable":true,"href":"https:\/\/swissmig.unine.ch\/index.php?rest_route=%2Fwp%2Fv2%2Ftags&post=14971"}],"curies":[{"name":"wp","href":"https:\/\/api.w.org\/{rel}","templated":true}]}}