{"id":1435,"date":"2017-11-12T17:27:39","date_gmt":"2017-11-12T16:27:39","guid":{"rendered":"https:\/\/swissmig.wordpress.com\/?p=1435"},"modified":"2017-11-12T17:27:39","modified_gmt":"2017-11-12T16:27:39","slug":"soins-aux-mineurs-non-accompagnes-mna-lexperience-lausannoise","status":"publish","type":"post","link":"https:\/\/swissmig.unine.ch\/?p=1435","title":{"rendered":"Soins aux mineurs non accompagn\u00e9s (MNA): l&#8217;exp\u00e9rience lausannoise"},"content":{"rendered":"<h3>Author(s) : Sarah Depallens Villanueva, Anne-Emmanuelle Ambresin<\/h3>\n<h3>Source : <a href=\"https:\/\/www.revmed.ch\/RMS\/2010\/RMS-253\/Soins-aux-mineurs-non-accompagnes-MNA-l-experience-lausannoise\" target=\"_blank\" rel=\"noopener\">https:\/\/www.revmed.ch\/RMS\/2010\/RMS-253\/Soins-aux-mineurs-non-accompagnes-MNA-l-experience-lausannoise<\/a><\/h3>\n<p><strong>Abstract: <\/strong><!--more--><\/p>\n<blockquote>\n<div class=\"journalAbstract\">\n<div>La prise en charge m\u00e9dicale du mineur non accompagn\u00e9 est complexe et n\u00e9cessite la mise en place d\u2019un r\u00e9seau biopsychosocial. A Lausanne, l\u2019Unit\u00e9 multidisciplinaire de sant\u00e9 des adolescents (UMSA) joue un r\u00f4le pr\u00e9ventif et curatif pour cette population extr\u00eamement vuln\u00e9rable. Une prise en charge psychologique rapide est souvent n\u00e9cessaire en raison des \u00e9v\u00e9nements de vie dramatiques auxquels la plupart de ces adolescents ont \u00e9t\u00e9 confront\u00e9s. L\u2019absence de projet d\u2019avenir pour la majorit\u00e9 de ces adolescents reste une entrave majeure \u00e0 leur d\u00e9veloppement et \u00e0 leur sant\u00e9 mentale et physique.<\/div>\n<\/div>\n<\/blockquote>\n<p>&nbsp;<\/p>\n","protected":false},"excerpt":{"rendered":"<p>Author(s) : Sarah Depallens Villanueva, Anne-Emmanuelle Ambresin Source : https:\/\/www.revmed.ch\/RMS\/2010\/RMS-253\/Soins-aux-mineurs-non-accompagnes-MNA-l-experience-lausannoise&#8230;<\/p>\n","protected":false},"author":4,"featured_media":0,"comment_status":"open","ping_status":"open","sticky":false,"template":"","format":"standard","meta":{"_kadence_starter_templates_imported_post":false,"_kad_post_transparent":"","_kad_post_title":"","_kad_post_layout":"","_kad_post_sidebar_id":"","_kad_post_content_style":"","_kad_post_vertical_padding":"","_kad_post_feature":"","_kad_post_feature_position":"","_kad_post_header":false,"_kad_post_footer":false,"_kad_post_classname":"","jetpack_post_was_ever_published":false,"_jetpack_newsletter_access":"","_jetpack_dont_email_post_to_subs":false,"_jetpack_newsletter_tier_id":0,"_jetpack_memberships_contains_paywalled_content":false,"_jetpack_memberships_contains_paid_content":false,"footnotes":""},"categories":[59],"tags":[131,7,112,8,52,157,104,185,64,370],"class_list":["post-1435","post","type-post","status-publish","format-standard","hentry","category-health","tag-131","tag-article","tag-asylum-procedure","tag-case-study","tag-french-language","tag-health-care","tag-living-conditions","tag-mental-health","tag-unaccompanied-minors","tag-vaud"],"jetpack_featured_media_url":"","jetpack_sharing_enabled":true,"_links":{"self":[{"href":"https:\/\/swissmig.unine.ch\/index.php?rest_route=\/wp\/v2\/posts\/1435","targetHints":{"allow":["GET"]}}],"collection":[{"href":"https:\/\/swissmig.unine.ch\/index.php?rest_route=\/wp\/v2\/posts"}],"about":[{"href":"https:\/\/swissmig.unine.ch\/index.php?rest_route=\/wp\/v2\/types\/post"}],"author":[{"embeddable":true,"href":"https:\/\/swissmig.unine.ch\/index.php?rest_route=\/wp\/v2\/users\/4"}],"replies":[{"embeddable":true,"href":"https:\/\/swissmig.unine.ch\/index.php?rest_route=%2Fwp%2Fv2%2Fcomments&post=1435"}],"version-history":[{"count":0,"href":"https:\/\/swissmig.unine.ch\/index.php?rest_route=\/wp\/v2\/posts\/1435\/revisions"}],"wp:attachment":[{"href":"https:\/\/swissmig.unine.ch\/index.php?rest_route=%2Fwp%2Fv2%2Fmedia&parent=1435"}],"wp:term":[{"taxonomy":"category","embeddable":true,"href":"https:\/\/swissmig.unine.ch\/index.php?rest_route=%2Fwp%2Fv2%2Fcategories&post=1435"},{"taxonomy":"post_tag","embeddable":true,"href":"https:\/\/swissmig.unine.ch\/index.php?rest_route=%2Fwp%2Fv2%2Ftags&post=1435"}],"curies":[{"name":"wp","href":"https:\/\/api.w.org\/{rel}","templated":true}]}}