{"id":1428,"date":"2017-11-09T15:30:45","date_gmt":"2017-11-09T14:30:45","guid":{"rendered":"https:\/\/swissmig.wordpress.com\/?p=1428"},"modified":"2017-11-09T15:30:45","modified_gmt":"2017-11-09T14:30:45","slug":"les-enseignants-issus-de-la-diversite-ethnoculturelle-representent-ils-une-valeur-ajoutee-pour-la-profession-resultats-dune-etude-menee-en-suisse-romande","status":"publish","type":"post","link":"https:\/\/swissmig.unine.ch\/?p=1428","title":{"rendered":"Les enseignants issus de la diversit\u00e9 ethnoculturelle repr\u00e9sentent-ils une valeur ajout\u00e9e pour la profession ? R\u00e9sultats d\u2019une \u00e9tude men\u00e9e en Suisse romande"},"content":{"rendered":"<h3>Author(s) : St\u00e9phanie Bauer, Abdeljalil Akkari<\/h3>\n<h3>Source : <a href=\"https:\/\/search.proquest.com\/openview\/df838fe097f8bc5908fea32bd8d62f47\/1?pq-origsite=gscholar&amp;cbl=37189\" target=\"_blank\" rel=\"noopener\">https:\/\/search.proquest.com\/openview\/df838fe097f8bc5908fea32bd8d62f47\/1?pq-origsite=gscholar&amp;cbl=37189<\/a><\/h3>\n<p><strong>Abstract: <\/strong><!--more--><\/p>\n<blockquote>\n<div class=\"journalAbstract\">\n<div>La recherche souligne un certain d\u00e9calage entre la diversit\u00e9 ethnoculturelle croissante des effectifs scolaires et la relative homog\u00e9n\u00e9it\u00e9 ethnoculturelle des enseignants. En Suisse romande, la question a \u00e9t\u00e9 tr\u00e8s peu trait\u00e9e. L\u2019objectif de notre \u00e9tude \u00e9tait d\u2019analyser la valeur ajout\u00e9e potentielle d\u2019enseignants et de futurs enseignants issus de la diversit\u00e9 ethnoculturelle. Sept enseignants et trois futurs enseignants issus de la diversit\u00e9 ethnoculturelle ont \u00e9t\u00e9 interview\u00e9s sur leur conception du r\u00f4le de mod\u00e8le aupr\u00e8s des \u00e9l\u00e8ves et de la soci\u00e9t\u00e9. Les r\u00e9sultats montrent que les participants rel\u00e8vent la plus-value professionnelle de leur exp\u00e9rience de migration ainsi que la difficult\u00e9 d\u2019asseoir leur l\u00e9gitimit\u00e9.<\/div>\n<\/div>\n<\/blockquote>\n<p>&nbsp;<\/p>\n","protected":false},"excerpt":{"rendered":"<p>Author(s) : St\u00e9phanie Bauer, Abdeljalil Akkari Source : https:\/\/search.proquest.com\/openview\/df838fe097f8bc5908fea32bd8d62f47\/1?pq-origsite=gscholar&amp;cbl=37189 Abstract:<\/p>\n","protected":false},"author":4,"featured_media":0,"comment_status":"open","ping_status":"open","sticky":false,"template":"","format":"standard","meta":{"_kadence_starter_templates_imported_post":false,"_kad_post_transparent":"","_kad_post_title":"","_kad_post_layout":"","_kad_post_sidebar_id":"","_kad_post_content_style":"","_kad_post_vertical_padding":"","_kad_post_feature":"","_kad_post_feature_position":"","_kad_post_header":false,"_kad_post_footer":false,"_kad_post_classname":"","jetpack_post_was_ever_published":false,"_jetpack_newsletter_access":"","_jetpack_dont_email_post_to_subs":false,"_jetpack_newsletter_tier_id":0,"_jetpack_memberships_contains_paywalled_content":false,"_jetpack_memberships_contains_paid_content":false,"footnotes":""},"categories":[61],"tags":[14,7,92,409,408,78,259,52,280,154,180,410],"class_list":["post-1428","post","type-post","status-publish","format-standard","hentry","category-education","tag-14","tag-article","tag-country-of-origin","tag-cultural-diversity","tag-educational-policy","tag-educational-system","tag-ethnicity","tag-french-language","tag-immigration-background","tag-interviews","tag-multiculturalism","tag-teacher-education"],"jetpack_featured_media_url":"","jetpack_sharing_enabled":true,"_links":{"self":[{"href":"https:\/\/swissmig.unine.ch\/index.php?rest_route=\/wp\/v2\/posts\/1428","targetHints":{"allow":["GET"]}}],"collection":[{"href":"https:\/\/swissmig.unine.ch\/index.php?rest_route=\/wp\/v2\/posts"}],"about":[{"href":"https:\/\/swissmig.unine.ch\/index.php?rest_route=\/wp\/v2\/types\/post"}],"author":[{"embeddable":true,"href":"https:\/\/swissmig.unine.ch\/index.php?rest_route=\/wp\/v2\/users\/4"}],"replies":[{"embeddable":true,"href":"https:\/\/swissmig.unine.ch\/index.php?rest_route=%2Fwp%2Fv2%2Fcomments&post=1428"}],"version-history":[{"count":0,"href":"https:\/\/swissmig.unine.ch\/index.php?rest_route=\/wp\/v2\/posts\/1428\/revisions"}],"wp:attachment":[{"href":"https:\/\/swissmig.unine.ch\/index.php?rest_route=%2Fwp%2Fv2%2Fmedia&parent=1428"}],"wp:term":[{"taxonomy":"category","embeddable":true,"href":"https:\/\/swissmig.unine.ch\/index.php?rest_route=%2Fwp%2Fv2%2Fcategories&post=1428"},{"taxonomy":"post_tag","embeddable":true,"href":"https:\/\/swissmig.unine.ch\/index.php?rest_route=%2Fwp%2Fv2%2Ftags&post=1428"}],"curies":[{"name":"wp","href":"https:\/\/api.w.org\/{rel}","templated":true}]}}