{"id":1402,"date":"2017-11-09T13:59:34","date_gmt":"2017-11-09T12:59:34","guid":{"rendered":"https:\/\/swissmig.wordpress.com\/?p=1402"},"modified":"2017-11-09T13:59:34","modified_gmt":"2017-11-09T12:59:34","slug":"refugies-en-suisse-trajectoires-dasile-et-integration-professionnelle","status":"publish","type":"post","link":"https:\/\/swissmig.unine.ch\/?p=1402","title":{"rendered":"R\u00e9fugi\u00e9s en Suisse : trajectoires d\u2019asile et int\u00e9gration professionnelle"},"content":{"rendered":"<h3>Author(s) : Anne-Laure Bertrand<\/h3>\n<h3>Source : <a href=\"https:\/\/archive-ouverte.unige.ch\/unige:98194\" target=\"_blank\" rel=\"noopener\">https:\/\/archive-ouverte.unige.ch\/unige:98194<\/a><\/h3>\n<p><strong>Abstract: <\/strong><!--more--><\/p>\n<blockquote><p>Cette th\u00e8se propose de plonger dans les m\u00e9andres du syst\u00e8me suisse de l\u2019asile en \u00e9tudiant les trajectoires des r\u00e9fugi\u00e9s \u00e0 partir de leur arriv\u00e9e sur le sol helv\u00e9tique. Nous y montrons que les r\u00e9fugi\u00e9s restent durablement d\u00e9savantag\u00e9s sur le march\u00e9 du travail et faisons ressortir les liens \u00e9troits entre permis de s\u00e9jour et chances d\u2019int\u00e9gration professionnelle. En adoptant une perspective longitudinale, nous soulignons l\u2019influence du parcours de vie des individus sur les possibilit\u00e9s d\u2019int\u00e9gration et le poids du cumul des d\u00e9savantages pour ceux dont les trajectoires sont les plus pr\u00e9caires.<\/p><\/blockquote>\n<p>&nbsp;<\/p>\n","protected":false},"excerpt":{"rendered":"<p>Author(s) : Anne-Laure Bertrand Source : https:\/\/archive-ouverte.unige.ch\/unige:98194 Abstract:<\/p>\n","protected":false},"author":4,"featured_media":0,"comment_status":"open","ping_status":"open","sticky":false,"template":"","format":"standard","meta":{"_kadence_starter_templates_imported_post":false,"_kad_post_transparent":"","_kad_post_title":"","_kad_post_layout":"","_kad_post_sidebar_id":"","_kad_post_content_style":"","_kad_post_vertical_padding":"","_kad_post_feature":"","_kad_post_feature_position":"","_kad_post_header":false,"_kad_post_footer":false,"_kad_post_classname":"","jetpack_post_was_ever_published":false,"_jetpack_newsletter_access":"","_jetpack_dont_email_post_to_subs":false,"_jetpack_newsletter_tier_id":0,"_jetpack_memberships_contains_paywalled_content":false,"_jetpack_memberships_contains_paid_content":false,"footnotes":""},"categories":[12],"tags":[48,49,50,176,52,387,150,403,166,47,219,84],"class_list":["post-1402","post","type-post","status-publish","format-standard","hentry","category-politics","tag-48","tag-asylum-policy","tag-asylum-seekers","tag-economic-integration","tag-french-language","tag-integration-policy","tag-precarious-employment","tag-qualifications","tag-residence-permits","tag-social-inequalities","tag-thesis","tag-unemployment"],"jetpack_featured_media_url":"","jetpack_sharing_enabled":true,"_links":{"self":[{"href":"https:\/\/swissmig.unine.ch\/index.php?rest_route=\/wp\/v2\/posts\/1402","targetHints":{"allow":["GET"]}}],"collection":[{"href":"https:\/\/swissmig.unine.ch\/index.php?rest_route=\/wp\/v2\/posts"}],"about":[{"href":"https:\/\/swissmig.unine.ch\/index.php?rest_route=\/wp\/v2\/types\/post"}],"author":[{"embeddable":true,"href":"https:\/\/swissmig.unine.ch\/index.php?rest_route=\/wp\/v2\/users\/4"}],"replies":[{"embeddable":true,"href":"https:\/\/swissmig.unine.ch\/index.php?rest_route=%2Fwp%2Fv2%2Fcomments&post=1402"}],"version-history":[{"count":0,"href":"https:\/\/swissmig.unine.ch\/index.php?rest_route=\/wp\/v2\/posts\/1402\/revisions"}],"wp:attachment":[{"href":"https:\/\/swissmig.unine.ch\/index.php?rest_route=%2Fwp%2Fv2%2Fmedia&parent=1402"}],"wp:term":[{"taxonomy":"category","embeddable":true,"href":"https:\/\/swissmig.unine.ch\/index.php?rest_route=%2Fwp%2Fv2%2Fcategories&post=1402"},{"taxonomy":"post_tag","embeddable":true,"href":"https:\/\/swissmig.unine.ch\/index.php?rest_route=%2Fwp%2Fv2%2Ftags&post=1402"}],"curies":[{"name":"wp","href":"https:\/\/api.w.org\/{rel}","templated":true}]}}