{"id":1384,"date":"2017-11-06T21:59:40","date_gmt":"2017-11-06T20:59:40","guid":{"rendered":"https:\/\/swissmig.wordpress.com\/?p=1384"},"modified":"2017-11-06T21:59:40","modified_gmt":"2017-11-06T20:59:40","slug":"egalite-de-chances-une-comparaison-des-conditions-de-vie-des-personnes-agees-immigrees-et-nationales","status":"publish","type":"post","link":"https:\/\/swissmig.unine.ch\/?p=1384","title":{"rendered":"\u202a\u00c9galit\u00e9 de chances ? Une comparaison des conditions de vie des personnes \u00e2g\u00e9es immigr\u00e9es et \u201cnationales\u201d\u202a"},"content":{"rendered":"<h3>Author(s) : Claudio Bolzman, Giacomo Vagni<\/h3>\n<h3>Source : <a href=\"http:\/\/www.cairn.info\/resume.php?ID_ARTICLE=HOMI_1309_0019\" target=\"_blank\" rel=\"noopener\">http:\/\/www.cairn.info\/resume.php?ID_ARTICLE=HOMI_1309_0019<\/a><\/h3>\n<p><strong>Abstract: <\/strong><!--more--><\/p>\n<blockquote><p>L\u2019am\u00e9lioration des conditions de vie des nouveaux retrait\u00e9s perceptible en Suisse comme ailleurs en Europe exige, dans le cas des migrants, d\u2019\u00eatre fortement nuanc\u00e9e. Une enqu\u00eate men\u00e9e en 2012 dans plusieurs cantons suisses permet de mieux cerner leurs conditions de vie en fonction de leur nationalit\u00e9, de leur parcours socioprofessionnel ou de leur \u00e9tat de sant\u00e9. La d\u00e9mocratisation de la vieillesse, c\u2019est-\u00e0-dire la possibilit\u00e9 pour des personnes ayant connu la migration de vieillir dans des conditions d\u2019\u00e9galit\u00e9 des chances par rapport aux non-migrants, n\u2019est pas un fait acquis.<\/p><\/blockquote>\n<p>&nbsp;<\/p>\n","protected":false},"excerpt":{"rendered":"<p>Author(s) : Claudio Bolzman, Giacomo Vagni Source : http:\/\/www.cairn.info\/resume.php?ID_ARTICLE=HOMI_1309_0019 Abstract:<\/p>\n","protected":false},"author":4,"featured_media":0,"comment_status":"open","ping_status":"open","sticky":false,"template":"","format":"standard","meta":{"_kadence_starter_templates_imported_post":false,"_kad_post_transparent":"","_kad_post_title":"","_kad_post_layout":"","_kad_post_sidebar_id":"","_kad_post_content_style":"","_kad_post_vertical_padding":"","_kad_post_feature":"","_kad_post_feature_position":"","_kad_post_header":false,"_kad_post_footer":false,"_kad_post_classname":"","jetpack_post_was_ever_published":false,"_jetpack_newsletter_access":"","_jetpack_dont_email_post_to_subs":false,"_jetpack_newsletter_tier_id":0,"_jetpack_memberships_contains_paywalled_content":false,"_jetpack_memberships_contains_paid_content":false,"footnotes":""},"categories":[24],"tags":[141,7,57,92,142,79,52,104,122,313,279,181],"class_list":["post-1384","post","type-post","status-publish","format-standard","hentry","category-society-family-racism","tag-141","tag-article","tag-comparative-analysis","tag-country-of-origin","tag-elderly","tag-equal-opportunities","tag-french-language","tag-living-conditions","tag-migrants","tag-social-policy","tag-socioeconomic-factors","tag-survey"],"jetpack_featured_media_url":"","jetpack_sharing_enabled":true,"_links":{"self":[{"href":"https:\/\/swissmig.unine.ch\/index.php?rest_route=\/wp\/v2\/posts\/1384","targetHints":{"allow":["GET"]}}],"collection":[{"href":"https:\/\/swissmig.unine.ch\/index.php?rest_route=\/wp\/v2\/posts"}],"about":[{"href":"https:\/\/swissmig.unine.ch\/index.php?rest_route=\/wp\/v2\/types\/post"}],"author":[{"embeddable":true,"href":"https:\/\/swissmig.unine.ch\/index.php?rest_route=\/wp\/v2\/users\/4"}],"replies":[{"embeddable":true,"href":"https:\/\/swissmig.unine.ch\/index.php?rest_route=%2Fwp%2Fv2%2Fcomments&post=1384"}],"version-history":[{"count":0,"href":"https:\/\/swissmig.unine.ch\/index.php?rest_route=\/wp\/v2\/posts\/1384\/revisions"}],"wp:attachment":[{"href":"https:\/\/swissmig.unine.ch\/index.php?rest_route=%2Fwp%2Fv2%2Fmedia&parent=1384"}],"wp:term":[{"taxonomy":"category","embeddable":true,"href":"https:\/\/swissmig.unine.ch\/index.php?rest_route=%2Fwp%2Fv2%2Fcategories&post=1384"},{"taxonomy":"post_tag","embeddable":true,"href":"https:\/\/swissmig.unine.ch\/index.php?rest_route=%2Fwp%2Fv2%2Ftags&post=1384"}],"curies":[{"name":"wp","href":"https:\/\/api.w.org\/{rel}","templated":true}]}}