{"id":1379,"date":"2017-11-06T21:51:49","date_gmt":"2017-11-06T20:51:49","guid":{"rendered":"https:\/\/swissmig.wordpress.com\/?p=1379"},"modified":"2017-11-06T21:51:49","modified_gmt":"2017-11-06T20:51:49","slug":"droit-de-lenfant-et-application-des-lois-suisses-sur-les-migrants","status":"publish","type":"post","link":"https:\/\/swissmig.unine.ch\/?p=1379","title":{"rendered":"Droit de l&#8217;enfant et application des lois suisses sur les migrants"},"content":{"rendered":"<h3>Author(s) : Stefanie Kurt, Anja Huber<\/h3>\n<h3>Source : <a href=\"http:\/\/www.beobachtungsstelle.ch\/fileadmin\/user_upload\/pdf_divers\/Berichte\/2013\/Kinderrechte_Def_F_Bildschirm.pdf\" target=\"_blank\" rel=\"noopener\">http:\/\/www.beobachtungsstelle.ch\/fileadmin\/user_upload\/pdf_divers\/Berichte\/2013\/Kinderrechte_Def_F_Bildschirm.pdf<\/a><\/h3>\n<p><strong>Abstract: <\/strong><!--more--><\/p>\n<blockquote>\n<div>Le 24 septembre 2006, une majorit\u00e9 du peuple suisse a dit Oui aux durcissements du<\/div>\n<div>droit d&#8217;asile et des \u00e9trangers. La Fondation Suisse pour la Protection de l&#8217;Enfant a d\u00e9j\u00e0 averti \u00e0 cette \u00e9poque qu&#8217;en raison de ce vote, la protection des enfants ne pourrait plus \u00eatre garantie dans tous les cas. Le rapport du R\u00e9seau des droits de l&#8217;enfant publi\u00e9 en 2009 a montr\u00e9 qu&#8217;en effet les craintes exprim\u00e9es s&#8217;\u00e9taient av\u00e9r\u00e9es fond\u00e9es. Certes, la conscience de l&#8217;importance des droits de l&#8217;enfant est mieux marqu\u00e9e. Sur cette base, des offres ont \u00e9t\u00e9 r\u00e9ellement d\u00e9velopp\u00e9es et il existe des id\u00e9es de projets pour mieux prot\u00e9ger les enfants dans les proc\u00e9dures. Mais bien des mesures restent en plan ou sont lacunaires.<\/div>\n<\/blockquote>\n<p>&nbsp;<\/p>\n","protected":false},"excerpt":{"rendered":"<p>Author(s) : Stefanie Kurt, Anja Huber Source : http:\/\/www.beobachtungsstelle.ch\/fileadmin\/user_upload\/pdf_divers\/Berichte\/2013\/Kinderrechte_Def_F_Bildschirm.pdf Abstract:<\/p>\n","protected":false},"author":4,"featured_media":0,"comment_status":"open","ping_status":"open","sticky":false,"template":"","format":"standard","meta":{"_kadence_starter_templates_imported_post":false,"_kad_post_transparent":"","_kad_post_title":"","_kad_post_layout":"","_kad_post_sidebar_id":"","_kad_post_content_style":"","_kad_post_vertical_padding":"","_kad_post_feature":"","_kad_post_feature_position":"","_kad_post_header":false,"_kad_post_footer":false,"_kad_post_classname":"","jetpack_post_was_ever_published":false,"_jetpack_newsletter_access":"","_jetpack_dont_email_post_to_subs":false,"_jetpack_newsletter_tier_id":0,"_jetpack_memberships_contains_paywalled_content":false,"_jetpack_memberships_contains_paid_content":false,"footnotes":""},"categories":[53],"tags":[75,398,318,52,128,133,122,249],"class_list":["post-1379","post","type-post","status-publish","format-standard","hentry","category-law","tag-75","tag-child-care","tag-children","tag-french-language","tag-human-rights","tag-immigrant-policy","tag-migrants","tag-report"],"jetpack_featured_media_url":"","jetpack_sharing_enabled":true,"_links":{"self":[{"href":"https:\/\/swissmig.unine.ch\/index.php?rest_route=\/wp\/v2\/posts\/1379","targetHints":{"allow":["GET"]}}],"collection":[{"href":"https:\/\/swissmig.unine.ch\/index.php?rest_route=\/wp\/v2\/posts"}],"about":[{"href":"https:\/\/swissmig.unine.ch\/index.php?rest_route=\/wp\/v2\/types\/post"}],"author":[{"embeddable":true,"href":"https:\/\/swissmig.unine.ch\/index.php?rest_route=\/wp\/v2\/users\/4"}],"replies":[{"embeddable":true,"href":"https:\/\/swissmig.unine.ch\/index.php?rest_route=%2Fwp%2Fv2%2Fcomments&post=1379"}],"version-history":[{"count":0,"href":"https:\/\/swissmig.unine.ch\/index.php?rest_route=\/wp\/v2\/posts\/1379\/revisions"}],"wp:attachment":[{"href":"https:\/\/swissmig.unine.ch\/index.php?rest_route=%2Fwp%2Fv2%2Fmedia&parent=1379"}],"wp:term":[{"taxonomy":"category","embeddable":true,"href":"https:\/\/swissmig.unine.ch\/index.php?rest_route=%2Fwp%2Fv2%2Fcategories&post=1379"},{"taxonomy":"post_tag","embeddable":true,"href":"https:\/\/swissmig.unine.ch\/index.php?rest_route=%2Fwp%2Fv2%2Ftags&post=1379"}],"curies":[{"name":"wp","href":"https:\/\/api.w.org\/{rel}","templated":true}]}}