{"id":13377,"date":"2020-08-24T08:00:49","date_gmt":"2020-08-24T07:00:49","guid":{"rendered":"https:\/\/swissmig.wordpress.com\/?p=13377"},"modified":"2020-08-24T08:00:49","modified_gmt":"2020-08-24T07:00:49","slug":"une-etude-des-facteurs-impactant-la-scolarisation-des-adolescent%e2%88%99e%e2%88%99s-primo-arrivant%e2%88%99e%e2%88%99s-a-lausanne","status":"publish","type":"post","link":"https:\/\/swissmig.unine.ch\/?p=13377","title":{"rendered":"Une \u00e9tude des facteurs impactant la scolarisation des adolescent\u2219e\u2219s primo-arrivant\u2219e\u2219s \u00e0 Lausanne"},"content":{"rendered":"<h3>Author(s) : No\u00e9mie Mathivat<\/h3>\n<h3>Source : <a href=\"https:\/\/doi.org\/10.1522\/rhe.v3i1.508\" target=\"_blank\" rel=\"noopener\">https:\/\/doi.org\/10.1522\/rhe.v3i1.508 <\/a><\/h3>\n<p><strong>Abstract: <\/strong><!--more--><\/p>\n<blockquote>\n<div class=\"hlFld-Abstract\">\n<div class=\"abstractSection abstractInFull\">\n<p>&#8220;L\u2019int\u00e9gration scolaire des adolescent\u2219e\u2219s primo-arrivant\u2219e\u2219s est un processus fort exigeant du fait du peu de temps dont ces \u00e9l\u00e8ves disposent pour rattraper leurs camarades natifs et natives. En effet, si l\u2019apprentissage de la langue seconde repr\u00e9sente la partie visible de l\u2019iceberg, un cumul d\u2019autres facteurs influence la scolarisation de ces jeunes dans le pays d\u2019accueil. Depuis le terrain, ces \u00e9l\u00e9ments seront analys\u00e9s afin de mettre en regard cadre officiel et pratiques scolaires. Enfin, des pistes inclusives plus respectueuses de la diversit\u00e9 de l\u2019\u00e9cole lausannoise d\u2019aujourd\u2019hui seront propos\u00e9es.&#8221;<\/p>\n<\/div>\n<\/div>\n<\/blockquote>\n","protected":false},"excerpt":{"rendered":"<p>Author(s) : No\u00e9mie Mathivat Source : https:\/\/doi.org\/10.1522\/rhe.v3i1.508 Abstract:<\/p>\n","protected":false},"author":4,"featured_media":0,"comment_status":"open","ping_status":"open","sticky":false,"template":"","format":"standard","meta":{"_kadence_starter_templates_imported_post":false,"_kad_post_transparent":"","_kad_post_title":"","_kad_post_layout":"","_kad_post_sidebar_id":"","_kad_post_content_style":"","_kad_post_vertical_padding":"","_kad_post_feature":"","_kad_post_feature_position":"","_kad_post_header":false,"_kad_post_footer":false,"_kad_post_classname":"","jetpack_post_was_ever_published":false,"_jetpack_newsletter_access":"","_jetpack_dont_email_post_to_subs":false,"_jetpack_newsletter_tier_id":0,"_jetpack_memberships_contains_paywalled_content":false,"_jetpack_memberships_contains_paid_content":false,"footnotes":""},"categories":[61],"tags":[582,7,77,79,52,161,482,372,103,117,290,118],"class_list":["post-13377","post","type-post","status-publish","format-standard","hentry","category-education","tag-582","tag-article","tag-education-policy","tag-equal-opportunities","tag-french-language","tag-language-education","tag-lausanne","tag-multilingualism","tag-refugees","tag-school-integration","tag-students","tag-youth"],"jetpack_featured_media_url":"","jetpack_sharing_enabled":true,"_links":{"self":[{"href":"https:\/\/swissmig.unine.ch\/index.php?rest_route=\/wp\/v2\/posts\/13377","targetHints":{"allow":["GET"]}}],"collection":[{"href":"https:\/\/swissmig.unine.ch\/index.php?rest_route=\/wp\/v2\/posts"}],"about":[{"href":"https:\/\/swissmig.unine.ch\/index.php?rest_route=\/wp\/v2\/types\/post"}],"author":[{"embeddable":true,"href":"https:\/\/swissmig.unine.ch\/index.php?rest_route=\/wp\/v2\/users\/4"}],"replies":[{"embeddable":true,"href":"https:\/\/swissmig.unine.ch\/index.php?rest_route=%2Fwp%2Fv2%2Fcomments&post=13377"}],"version-history":[{"count":0,"href":"https:\/\/swissmig.unine.ch\/index.php?rest_route=\/wp\/v2\/posts\/13377\/revisions"}],"wp:attachment":[{"href":"https:\/\/swissmig.unine.ch\/index.php?rest_route=%2Fwp%2Fv2%2Fmedia&parent=13377"}],"wp:term":[{"taxonomy":"category","embeddable":true,"href":"https:\/\/swissmig.unine.ch\/index.php?rest_route=%2Fwp%2Fv2%2Fcategories&post=13377"},{"taxonomy":"post_tag","embeddable":true,"href":"https:\/\/swissmig.unine.ch\/index.php?rest_route=%2Fwp%2Fv2%2Ftags&post=13377"}],"curies":[{"name":"wp","href":"https:\/\/api.w.org\/{rel}","templated":true}]}}