{"id":13352,"date":"2020-08-24T08:00:10","date_gmt":"2020-08-24T07:00:10","guid":{"rendered":"https:\/\/swissmig.wordpress.com\/?p=13352"},"modified":"2020-08-24T08:00:10","modified_gmt":"2020-08-24T07:00:10","slug":"religiose-identitaten-und-vorurteil-in-deutschland-und-der-schweiz-konzeptionelle-uberlegungen-und-empirische-befunde","status":"publish","type":"post","link":"https:\/\/swissmig.unine.ch\/?p=13352","title":{"rendered":"Religi\u00f6se Identit\u00e4ten und Vorurteil in Deutschland und der Schweiz \u2013 Konzeptionelle \u00dcberlegungen und empirische Befunde"},"content":{"rendered":"<h3>Author(s) : Gert Pickel, Antonius Liedhegener, Yvonne Jaeckel, Anastas Odermatt, Alexander Yendell<\/h3>\n<h3>Source : <a href=\"https:\/\/doi.org\/10.1007\/s41682-020-00055-9\" target=\"_blank\" rel=\"noopener\">https:\/\/doi.org\/10.1007\/s41682-020-00055-9<\/a><\/h3>\n<p><strong>Abstract: <\/strong><!--more--><\/p>\n<blockquote>\n<div class=\"hlFld-Abstract\">\n<div class=\"abstractSection abstractInFull\">\n<p>&#8220;Immer wieder werden Bez\u00fcge zwischen Religion und Vorurteilen hergestellt. Zum einen dienen religi\u00f6se Gruppen als Ziel von Vorurteilen, zum anderen wird debattiert, inwieweit der Wahrheitsanspruch von Religionen religi\u00f6se Menschen f\u00fcr Vorurteile anf\u00e4lliger macht. Im Artikel werden mithilfe des aktuellen KONID Survey 2019 beide Fragen empirisch und L\u00e4ndervergleichend untersucht. Trotz einzelner Abweichungen in Auspr\u00e4gungen und Bez\u00fcgen von Vorurteilen, sind die Strukturen der Vorurteile, ihre Erkl\u00e4rung sowie ihre demokratischen Auswirkungen in Deutschland und der Schweiz sehr \u00e4hnlich. Religionsgemeinschaften und ihre Mitglieder geraten vor allem aufgrund von Bedrohungs\u00e4ngsten in der Bev\u00f6lkerung, aber auch Verschw\u00f6rungstheorien und autorit\u00e4ren Einstellungen in den Fokus von Vorurteilen. Dabei wirkt eine dogmatische, exklusivistisch gedachte und teilweise fundamentalistische religi\u00f6se Identit\u00e4t als Vorurteile bef\u00f6rdernd, w\u00e4hrend eine liberale religi\u00f6se Identit\u00e4t Antisemitismus, antimuslimischen Rassismus, aber auch Antiziganismus und die Ablehnung von Nichtbin\u00e4ren Geschlechteridentit\u00e4ten entgegenwirkt.&#8221;<\/p>\n<p>&#8220;Again and again references are made between religion and prejudice. On the one hand, religious groups serve as targets of prejudice, and on the other hand, there is debate about the extent to which the claim to truth of religions makes religious people more vulnerable to prejudice. The article uses the current KONID Survey 2019 to examine both questions empirically and in a comparative way across countries. Despite individual deviations in the characteristics and references of prejudices, the structures of prejudices, their explanation and their democratic effects are very similar in Germany and Switzerland. Religious communities and their members become the focus of prejudice primarily because of fears of threats among the population, but also because of conspiracy theories and authoritarian attitudes. A dogmatic, exclusivist and partly fundamentalist religious identity acts as a promoter of prejudice, while a liberal religious identity counteracts anti-Semitism, anti-Muslim racism, but also anti-Gypsyism and the rejection of non-binary gender identities.&#8221;<\/p>\n<\/div>\n<\/div>\n<\/blockquote>\n","protected":false},"excerpt":{"rendered":"<p>Author(s) : Gert Pickel, Antonius Liedhegener, Yvonne Jaeckel, Anastas Odermatt,&#8230;<\/p>\n","protected":false},"author":4,"featured_media":0,"comment_status":"open","ping_status":"open","sticky":false,"template":"","format":"standard","meta":{"_kadence_starter_templates_imported_post":false,"_kad_post_transparent":"","_kad_post_title":"","_kad_post_layout":"","_kad_post_sidebar_id":"","_kad_post_content_style":"","_kad_post_vertical_padding":"","_kad_post_feature":"","_kad_post_feature_position":"","_kad_post_header":false,"_kad_post_footer":false,"_kad_post_classname":"","jetpack_post_was_ever_published":false,"_jetpack_newsletter_access":"","_jetpack_dont_email_post_to_subs":false,"_jetpack_newsletter_tier_id":0,"_jetpack_memberships_contains_paywalled_content":false,"_jetpack_memberships_contains_paid_content":false,"footnotes":""},"categories":[167],"tags":[654,365,7,57,73,226,566,94,667,334,444,168,254,530,144],"class_list":["post-13352","post","type-post","status-publish","format-standard","hentry","category-ethnicity-languages-religion-arts","tag-654","tag-anti-semitism","tag-article","tag-comparative-analysis","tag-german-language","tag-germany","tag-islamophobia","tag-political-system","tag-prejudice","tag-racism","tag-religious-institutions","tag-religious-practice","tag-right-wing-radicalism","tag-roma-and-sinti","tag-vulnerability"],"jetpack_featured_media_url":"","jetpack_sharing_enabled":true,"_links":{"self":[{"href":"https:\/\/swissmig.unine.ch\/index.php?rest_route=\/wp\/v2\/posts\/13352","targetHints":{"allow":["GET"]}}],"collection":[{"href":"https:\/\/swissmig.unine.ch\/index.php?rest_route=\/wp\/v2\/posts"}],"about":[{"href":"https:\/\/swissmig.unine.ch\/index.php?rest_route=\/wp\/v2\/types\/post"}],"author":[{"embeddable":true,"href":"https:\/\/swissmig.unine.ch\/index.php?rest_route=\/wp\/v2\/users\/4"}],"replies":[{"embeddable":true,"href":"https:\/\/swissmig.unine.ch\/index.php?rest_route=%2Fwp%2Fv2%2Fcomments&post=13352"}],"version-history":[{"count":0,"href":"https:\/\/swissmig.unine.ch\/index.php?rest_route=\/wp\/v2\/posts\/13352\/revisions"}],"wp:attachment":[{"href":"https:\/\/swissmig.unine.ch\/index.php?rest_route=%2Fwp%2Fv2%2Fmedia&parent=13352"}],"wp:term":[{"taxonomy":"category","embeddable":true,"href":"https:\/\/swissmig.unine.ch\/index.php?rest_route=%2Fwp%2Fv2%2Fcategories&post=13352"},{"taxonomy":"post_tag","embeddable":true,"href":"https:\/\/swissmig.unine.ch\/index.php?rest_route=%2Fwp%2Fv2%2Ftags&post=13352"}],"curies":[{"name":"wp","href":"https:\/\/api.w.org\/{rel}","templated":true}]}}