{"id":1331,"date":"2017-11-06T20:24:42","date_gmt":"2017-11-06T19:24:42","guid":{"rendered":"https:\/\/swissmig.wordpress.com\/?p=1331"},"modified":"2017-11-06T20:24:42","modified_gmt":"2017-11-06T19:24:42","slug":"lutilite-de-limmigration-pour-les-villes-suisses-et-pour-la-suisse","status":"publish","type":"post","link":"https:\/\/swissmig.unine.ch\/?p=1331","title":{"rendered":"L\u2019utilit\u00e9 de l\u2019immigration pour les villes suisses et pour la Suisse"},"content":{"rendered":"<h3>Author(s) : Thomas von Stokar, Martin Peter, Remo Zandonella, Stephanie Schwab Cammarano<\/h3>\n<h3>Source : <a href=\"https:\/\/uniondesvilles.ch\/cmsfiles\/nutzen_zuwanderung_schlussbericht_infras_f.pdf\" target=\"_blank\" rel=\"noopener\">https:\/\/uniondesvilles.ch\/cmsfiles\/nutzen_zuwanderung_schlussbericht_infras_f.pdf<\/a><\/h3>\n<p><strong>Abstract: <\/strong><!--more--><\/p>\n<blockquote>\n<div>\n<div>L\u2019accord sur la libre circulation des personnes (ALCP) entre la Suisse et l\u2019Union europ\u00e9enne est entr\u00e9 en vigueur en 2002. Il a renforc\u00e9 l\u2019immigration vers la Suisse et l\u2019a modifi\u00e9e en profondeur: les immigr\u00e9s sont aujourd\u2019hui plus jeunes et mieux form\u00e9s qu\u2019autrefois. Ils sont aussi encore plus pr\u00e9sents sur le march\u00e9 du travail que la population r\u00e9sidente. Les immigr\u00e9s s\u2019installent en outre tr\u00e8s souvent dans les zones urbaines qui sont aussi leurs lieux de travail. La Communaut\u00e9 d\u2019int\u00e9r\u00eats (CI) des grandes villes-centres de l\u2019Union des villes suisses a souhait\u00e9 montrer les avantages \u00e9conomiques et sociaux de cette \u00abnouvelle\u00bb immigration et int\u00e9grer ces \u00e9l\u00e9ments au d\u00e9bat politique.<\/div>\n<\/div>\n<\/blockquote>\n<p>&nbsp;<\/p>\n","protected":false},"excerpt":{"rendered":"<p>Author(s) : Thomas von Stokar, Martin Peter, Remo Zandonella, Stephanie&#8230;<\/p>\n","protected":false},"author":4,"featured_media":0,"comment_status":"open","ping_status":"open","sticky":false,"template":"","format":"standard","meta":{"_kadence_starter_templates_imported_post":false,"_kad_post_transparent":"","_kad_post_title":"","_kad_post_layout":"","_kad_post_sidebar_id":"","_kad_post_content_style":"","_kad_post_vertical_padding":"","_kad_post_feature":"","_kad_post_feature_position":"","_kad_post_header":false,"_kad_post_footer":false,"_kad_post_classname":"","jetpack_post_was_ever_published":false,"_jetpack_newsletter_access":"","_jetpack_dont_email_post_to_subs":false,"_jetpack_newsletter_tier_id":0,"_jetpack_memberships_contains_paywalled_content":false,"_jetpack_memberships_contains_paid_content":false,"footnotes":""},"categories":[43],"tags":[141,176,52,98,19,249,91,392],"class_list":["post-1331","post","type-post","status-publish","format-standard","hentry","category-the-migration-phenomenon","tag-141","tag-economic-integration","tag-french-language","tag-immigration-policy","tag-labour-market","tag-report","tag-social-integration","tag-urban-policy"],"jetpack_featured_media_url":"","jetpack_sharing_enabled":true,"_links":{"self":[{"href":"https:\/\/swissmig.unine.ch\/index.php?rest_route=\/wp\/v2\/posts\/1331","targetHints":{"allow":["GET"]}}],"collection":[{"href":"https:\/\/swissmig.unine.ch\/index.php?rest_route=\/wp\/v2\/posts"}],"about":[{"href":"https:\/\/swissmig.unine.ch\/index.php?rest_route=\/wp\/v2\/types\/post"}],"author":[{"embeddable":true,"href":"https:\/\/swissmig.unine.ch\/index.php?rest_route=\/wp\/v2\/users\/4"}],"replies":[{"embeddable":true,"href":"https:\/\/swissmig.unine.ch\/index.php?rest_route=%2Fwp%2Fv2%2Fcomments&post=1331"}],"version-history":[{"count":0,"href":"https:\/\/swissmig.unine.ch\/index.php?rest_route=\/wp\/v2\/posts\/1331\/revisions"}],"wp:attachment":[{"href":"https:\/\/swissmig.unine.ch\/index.php?rest_route=%2Fwp%2Fv2%2Fmedia&parent=1331"}],"wp:term":[{"taxonomy":"category","embeddable":true,"href":"https:\/\/swissmig.unine.ch\/index.php?rest_route=%2Fwp%2Fv2%2Fcategories&post=1331"},{"taxonomy":"post_tag","embeddable":true,"href":"https:\/\/swissmig.unine.ch\/index.php?rest_route=%2Fwp%2Fv2%2Ftags&post=1331"}],"curies":[{"name":"wp","href":"https:\/\/api.w.org\/{rel}","templated":true}]}}