{"id":1311,"date":"2017-11-05T22:16:23","date_gmt":"2017-11-05T21:16:23","guid":{"rendered":"https:\/\/swissmig.wordpress.com\/?p=1311"},"modified":"2017-11-05T22:16:23","modified_gmt":"2017-11-05T21:16:23","slug":"unequal-pathways-school-to-work-trajectories-for-children-of-turkish-and-western-balkan-origin-in-switzerland-and-austria","status":"publish","type":"post","link":"https:\/\/swissmig.unine.ch\/?p=1311","title":{"rendered":"Unequal Pathways. School-to-Work Trajectories for Children of Turkish and Western-Balkan Origin in Switzerland and Austria"},"content":{"rendered":"<h3>Author(s) : Philipp Schnell, Rosita Fibbi<\/h3>\n<h3>Source : <a href=\"https:\/\/doi.org\/10.1515\/sjs-2016-0012\" target=\"_blank\" rel=\"noopener\">https:\/\/doi.org\/10.1515\/sjs-2016-0012<\/a><\/h3>\n<p><strong>Abstract: <\/strong><!--more--><\/p>\n<blockquote>\n<div>\n<div class=\"articleBody_abstract\">\n<p>This paper investigates educational and occupational pathways of children of Turkish and Western-Balkan origin and of the majority population in Austria and Switzerland. Using a representative sample of 2186 respondents living in two Swiss and two Austrian urban areas, our results show that descendants of immigrants have less chances to follow a constant successful path from education to occupation in both countries, mainly because successful trajectories are determined by the parent\u2019s socioeconomic status. However, young adults of Turkish and Western Balkan origin in Switzerland are more often upward mobile than the majority group. Altogether, our results indicate slightly greater chances for upward mobility among young adults in Switzerland in comparison to Austria.<\/p>\n<p>&nbsp;<\/p>\n<\/div>\n<div class=\"articleBody_abstract\">\n<p>Der Beitrag analysiert Bildungs- und Berufsverl\u00e4ufe von Nachkommen t\u00fcrkischer und ehemals jugoslawischer MigrantInnen im Vergleich zu einheimischen jungen Erwachsenen in \u00d6sterreich und der Schweiz. Unter Verwendung einer repr\u00e4sentativen Erhebung mit insgesamt 2186 Befragten aus jeweils zwei St\u00e4dten pro Land zeigen unsere Ergebnisse, dass Nachkommen von MigrantInnen in beiden L\u00e4ndern eine geringere Chancen haben, akademisch orientierte Bildungswege einzuschlagen und beruflich h\u00f6her gestellte Positionen auf dem Arbeitsmarkt einzunehmen. Diese Benachteiligung f\u00fcr die sogenannte zweite Generation l\u00e4sst sich weitestgehend \u00fcber die soziale Positionierung der Eltern (sozio\u00f6konomischer Hintergrund) erkl\u00e4ren. Allerdings zeigen unsere Ergebnisse auch, dass Nachkommen von MigrantInnen im weiteren Verlauf ihrer schulischen und beruflichen Laufbahnen im Vergleich zu jungen Erwachsenen ohne Migrationshintergrund deutlich h\u00e4ufiger aufw\u00e4rts mobil sind. Dabei sind die Chancen auf Aufw\u00e4rtsmobilit\u00e4t f\u00fcr MigrantInnennachkommen in der Schweiz gr\u00f6\u00dfer als in \u00d6sterreich.<\/p>\n<p>&nbsp;<\/p>\n<\/div>\n<div class=\"articleBody_abstract\">\n<p>Cet article analyse les trajectoires \u00e9ducatives et professionnelles des jeunes adultes originaires de Turquie et des Balkans ainsi que celles des groupes majoritaires en Suisse et en Autriche, en s\u2019appuyant sur un \u00e9chantillon repr\u00e9sentatif de 2186 r\u00e9pondants habitant deux contextes urbains dans chacun de ces pays. Les r\u00e9sultats montrent que dans les deux pays les enfants d\u2019origine immigr\u00e9e ont moins de chances de fr\u00e9quenter tout au long de leur parcours les fili\u00e8res scolaires et professionnelles les plus prestigieuses, puisque ces trajectoires sont pour l\u2019essentiel d\u00e9termin\u00e9es par le statut socio-\u00e9conomique des parents. Pourtant, les jeunes originaires de Turquie et des Balkans en Suisse sont plus nombreux \u00e0 montrer une mobilit\u00e9 ascendante que les jeunes issus du groupe majoritaire. Globalement les chances de mobilit\u00e9 ascendante tendent \u00e0 \u00eatre l\u00e9g\u00e8rement plus \u00e9lev\u00e9es en Suisse qu\u2019en Autriche.<\/p>\n<\/div>\n<p class=\"articleBody_keywords\"><span class=\"label\"><strong>Keywords<\/strong>: <\/span>Second generation; educational and occupational pathways; social mobility; Switzerland; Austria<a href=\"https:\/\/www.degruyter.com\/search?f_0=keywords&amp;q_0=Austria&amp;searchTitles=false\"><\/a><\/p>\n<p class=\"articleBody_keywords\"><span class=\"label\"><strong>Schl\u00fcsselw\u00f6rter<\/strong>: <\/span>Zweite Generation; Bildungs- und Berufsverl\u00e4ufe; soziale Mobilit\u00e4t; Schweiz; \u00d6sterreich<\/p>\n<p class=\"articleBody_keywords\"><span class=\"label\"><strong>Mots-cl\u00e9s<\/strong>: <\/span><a href=\"https:\/\/www.degruyter.com\/search?f_0=keywords&amp;q_0=Deuxi\u00e8me+g\u00e9n\u00e9ration&amp;searchTitles=false\"><\/a>Deuxi\u00e8me g\u00e9n\u00e9ration; trajectoires \u00e9ducatives et occupationnelles; mobilit\u00e9 sociale; Suisse; Autriche<\/p>\n<\/div>\n<\/blockquote>\n<p>&nbsp;<\/p>\n","protected":false},"excerpt":{"rendered":"<p>Author(s) : Philipp Schnell, Rosita Fibbi Source : https:\/\/doi.org\/10.1515\/sjs-2016-0012 Abstract:<\/p>\n","protected":false},"author":4,"featured_media":0,"comment_status":"open","ping_status":"open","sticky":false,"template":"","format":"standard","meta":{"_kadence_starter_templates_imported_post":false,"_kad_post_transparent":"","_kad_post_title":"","_kad_post_layout":"","_kad_post_sidebar_id":"","_kad_post_content_style":"","_kad_post_vertical_padding":"","_kad_post_feature":"","_kad_post_feature_position":"","_kad_post_header":false,"_kad_post_footer":false,"_kad_post_classname":"","jetpack_post_was_ever_published":false,"_jetpack_newsletter_access":"","_jetpack_dont_email_post_to_subs":false,"_jetpack_newsletter_tier_id":0,"_jetpack_memberships_contains_paywalled_content":false,"_jetpack_memberships_contains_paid_content":false,"footnotes":""},"categories":[61],"tags":[14,336,7,251,390,9,79,82,19,117,145,300,279,290,195],"class_list":["post-1311","post","type-post","status-publish","format-standard","hentry","category-education","tag-14","tag-albanians","tag-article","tag-austria","tag-balkans","tag-english-language","tag-equal-opportunities","tag-ethnic-discrimination","tag-labour-market","tag-school-integration","tag-second-generation","tag-social-mobility","tag-socioeconomic-factors","tag-students","tag-turkey"],"jetpack_featured_media_url":"","jetpack_sharing_enabled":true,"_links":{"self":[{"href":"https:\/\/swissmig.unine.ch\/index.php?rest_route=\/wp\/v2\/posts\/1311","targetHints":{"allow":["GET"]}}],"collection":[{"href":"https:\/\/swissmig.unine.ch\/index.php?rest_route=\/wp\/v2\/posts"}],"about":[{"href":"https:\/\/swissmig.unine.ch\/index.php?rest_route=\/wp\/v2\/types\/post"}],"author":[{"embeddable":true,"href":"https:\/\/swissmig.unine.ch\/index.php?rest_route=\/wp\/v2\/users\/4"}],"replies":[{"embeddable":true,"href":"https:\/\/swissmig.unine.ch\/index.php?rest_route=%2Fwp%2Fv2%2Fcomments&post=1311"}],"version-history":[{"count":0,"href":"https:\/\/swissmig.unine.ch\/index.php?rest_route=\/wp\/v2\/posts\/1311\/revisions"}],"wp:attachment":[{"href":"https:\/\/swissmig.unine.ch\/index.php?rest_route=%2Fwp%2Fv2%2Fmedia&parent=1311"}],"wp:term":[{"taxonomy":"category","embeddable":true,"href":"https:\/\/swissmig.unine.ch\/index.php?rest_route=%2Fwp%2Fv2%2Fcategories&post=1311"},{"taxonomy":"post_tag","embeddable":true,"href":"https:\/\/swissmig.unine.ch\/index.php?rest_route=%2Fwp%2Fv2%2Ftags&post=1311"}],"curies":[{"name":"wp","href":"https:\/\/api.w.org\/{rel}","templated":true}]}}