{"id":1290,"date":"2017-11-05T21:30:50","date_gmt":"2017-11-05T20:30:50","guid":{"rendered":"https:\/\/swissmig.wordpress.com\/?p=1290"},"modified":"2017-11-05T21:30:50","modified_gmt":"2017-11-05T20:30:50","slug":"questions-dimmigration-et-dintegration-en-suisse-une-etude-historique-sur-50-ans-de-debats-sociopolitiques-aux-influences-radicales-1960-2010","status":"publish","type":"post","link":"https:\/\/swissmig.unine.ch\/?p=1290","title":{"rendered":"Questions d\u2019immigration et d\u2019int\u00e9gration en Suisse: une \u00e9tude historique sur 50 ans de d\u00e9bats sociopolitiques aux influences radicales (1960-2010)"},"content":{"rendered":"<h3>Author(s) : Andr\u00e9e-Ann Brassard-Imbeault<\/h3>\n<h3>Source : <a href=\"http:\/\/theses.ulaval.ca\/archimede\/fichiers\/32097\/32097.pdf\" target=\"_blank\" rel=\"noopener\">http:\/\/theses.ulaval.ca\/archimede\/fichiers\/32097\/32097.pdf<\/a><\/h3>\n<p><strong>Abstract: <\/strong><!--more--><\/p>\n<blockquote>\n<div>La Suisse connut un important d\u00e9veloppement \u00e9conomique au cours des Trente Glorieuses, la for\u00e7ant \u00e0 recourir \u00e0 des travailleurs \u00e9trangers pour r\u00e9pondre aux besoins de main-d\u2019oeuvre de ses entreprises. La pr\u00e9sence de ces nombreux \u00e9trangers provoqua rapidement des inqui\u00e9tudes et plusieurs Suisses soulev\u00e8rent la question de la \u00ab surpopulation \u00e9trang\u00e8re. \u00bb L\u2019\u00e9tude des diff\u00e9rentes initiatives populaires visant \u00e0 encadrer ou contr\u00f4ler la politique migratoire et l\u2019int\u00e9gration des minorit\u00e9s, entre 1960 et 2010, permet d\u2019analyser de quelle mani\u00e8re l\u2019\u00c9tat et la soci\u00e9t\u00e9 civile suisse s\u2019impliqu\u00e8rent dans ces d\u00e9bats. Derri\u00e8re des mesures parfois extr\u00eames, les Suisses craignaient la dissolution de leur identit\u00e9 nationale autant qu\u2019ils redoutaient les cons\u00e9quences \u00e9conomiques que provoquerait une modification des normes d\u2019admission. Pendant longtemps, cette dualit\u00e9 temp\u00e9ra les r\u00e9sultats lors des votations. Cependant, au d\u00e9but des ann\u00e9es 2000, une perc\u00e9e en politique des id\u00e9es nationalistes modifia le statu quo gouvernemental et cela transparut dans les r\u00e9sultats des initiatives populaires subs\u00e9quentes.<\/div>\n<\/blockquote>\n<p>&nbsp;<\/p>\n","protected":false},"excerpt":{"rendered":"<p>Author(s) : Andr\u00e9e-Ann Brassard-Imbeault Source : http:\/\/theses.ulaval.ca\/archimede\/fichiers\/32097\/32097.pdf Abstract:<\/p>\n","protected":false},"author":4,"featured_media":0,"comment_status":"open","ping_status":"open","sticky":false,"template":"","format":"standard","meta":{"_kadence_starter_templates_imported_post":false,"_kad_post_transparent":"","_kad_post_title":"","_kad_post_layout":"","_kad_post_sidebar_id":"","_kad_post_content_style":"","_kad_post_vertical_padding":"","_kad_post_feature":"","_kad_post_feature_position":"","_kad_post_header":false,"_kad_post_footer":false,"_kad_post_classname":"","jetpack_post_was_ever_published":false,"_jetpack_newsletter_access":"","_jetpack_dont_email_post_to_subs":false,"_jetpack_newsletter_tier_id":0,"_jetpack_memberships_contains_paywalled_content":false,"_jetpack_memberships_contains_paid_content":false,"footnotes":""},"categories":[35],"tags":[141,70,252,52,98,387,129,319,174,94],"class_list":["post-1290","post","type-post","status-publish","format-standard","hentry","category-history","tag-141","tag-citizenship","tag-democracy","tag-french-language","tag-immigration-policy","tag-integration-policy","tag-law","tag-master-thesis","tag-nationalism","tag-political-system"],"jetpack_featured_media_url":"","jetpack_sharing_enabled":true,"_links":{"self":[{"href":"https:\/\/swissmig.unine.ch\/index.php?rest_route=\/wp\/v2\/posts\/1290","targetHints":{"allow":["GET"]}}],"collection":[{"href":"https:\/\/swissmig.unine.ch\/index.php?rest_route=\/wp\/v2\/posts"}],"about":[{"href":"https:\/\/swissmig.unine.ch\/index.php?rest_route=\/wp\/v2\/types\/post"}],"author":[{"embeddable":true,"href":"https:\/\/swissmig.unine.ch\/index.php?rest_route=\/wp\/v2\/users\/4"}],"replies":[{"embeddable":true,"href":"https:\/\/swissmig.unine.ch\/index.php?rest_route=%2Fwp%2Fv2%2Fcomments&post=1290"}],"version-history":[{"count":0,"href":"https:\/\/swissmig.unine.ch\/index.php?rest_route=\/wp\/v2\/posts\/1290\/revisions"}],"wp:attachment":[{"href":"https:\/\/swissmig.unine.ch\/index.php?rest_route=%2Fwp%2Fv2%2Fmedia&parent=1290"}],"wp:term":[{"taxonomy":"category","embeddable":true,"href":"https:\/\/swissmig.unine.ch\/index.php?rest_route=%2Fwp%2Fv2%2Fcategories&post=1290"},{"taxonomy":"post_tag","embeddable":true,"href":"https:\/\/swissmig.unine.ch\/index.php?rest_route=%2Fwp%2Fv2%2Ftags&post=1290"}],"curies":[{"name":"wp","href":"https:\/\/api.w.org\/{rel}","templated":true}]}}