{"id":1287,"date":"2017-11-05T21:21:13","date_gmt":"2017-11-05T20:21:13","guid":{"rendered":"https:\/\/swissmig.wordpress.com\/?p=1287"},"modified":"2017-11-05T21:21:13","modified_gmt":"2017-11-05T20:21:13","slug":"les-politiques-dintegration-un-processus-entre-inclusion-et-exclusion-evolution-du-cadre-politique-et-juridique-relatif-a-lintegration-structurelle-des-migrants-en-suisse-depuis-1848","status":"publish","type":"post","link":"https:\/\/swissmig.unine.ch\/?p=1287","title":{"rendered":"Les politiques d&#8217;int\u00e9gration: un processus entre inclusion et exclusion? : \u00e9volution du cadre politique et juridique relatif \u00e0 l&#8217;int\u00e9gration structurelle des migrants en Suisse depuis 1848"},"content":{"rendered":"<h3>Author(s) : Camilla Alberti<\/h3>\n<h3>Source : <a href=\"https:\/\/libra.unine.ch\/handle\/123456789\/8001\" target=\"_blank\" rel=\"noopener\">https:\/\/libra.unine.ch\/handle\/123456789\/8001<\/a><\/h3>\n<p><strong>Abstract: <\/strong><!--more--><\/p>\n<blockquote>\n<div>Le rapport qu\u2019entretient une soci\u00e9t\u00e9 nationale avec l\u2019arriv\u00e9e de migrants est complexe et engendre un questionnement r\u00e9current : comment prendre en compte les \u00ab \u00e9trangers \u00bb ? Les \u00ab fronti\u00e8res \u00bb d\u2019un Etat-nation \u2013 qu\u2019elles soient ext\u00e9rieures ou int\u00e9rieures \u2013 se caract\u00e9risent en effet par diff\u00e9rents m\u00e9canismes d\u2019inclusion et d\u2019exclusion, que ce soit lors de l\u2019arriv\u00e9e des migrants dans un pays que lors de leur installation dans celui-ci. La r\u00e9gulation des migrations et la mani\u00e8re dont les migrants sont trait\u00e9s une fois install\u00e9s dans un pays constituent d\u00e8s lors un aspect fondamental de toute politique nationale. Dans le cadre de cette recherche, en analysant les politiques suisses \u00e0 l\u2019\u00e9gard des migrants depuis la cr\u00e9ation de l\u2019Etat f\u00e9d\u00e9ral moderne, nous avons choisi de nous pencher sur l\u2019\u00e9volution de l\u2019aspect structurel de l\u2019int\u00e9gration des \u00e9trangers en Suisse, c\u2019est-\u00e0-dire les conditions permettant aux \u00e9trangers de participer \u00e0 la structure de la soci\u00e9t\u00e9 et de b\u00e9n\u00e9ficier de droits et ressources sociaux, \u00e9conomiques, politiques et civils. A travers une approche historique, notre objectif principal \u00e9tait donc de voir comment se caract\u00e9rise l\u2019\u00e9volution du cadre politique et juridique suisse relatif \u00e0 l\u2019int\u00e9gration structurelle des migrants depuis 1848. En nous basant sur la m\u00e9thode employ\u00e9e dans le cadre du Migrant Integration Policy Index (MIPEX), nous avons ainsi pu analyser d\u2019une mani\u00e8re multidimensionnelle les politiques d\u2019int\u00e9gration suisses sur une p\u00e9riode de 166 ann\u00e9es. Sur la base de 148 indicateurs concernant sept domaines politiques, le MIPEX nous a permis d\u2019analyser les conditions-cadres de l\u2019int\u00e9gration des ressortissants d\u2019Etats-tiers l\u00e9galement \u00e9tablis en Suisse (ou ressortissant d\u2019Etats n\u2019ayant pas sign\u00e9 de convention, trait\u00e9s ou accord avec la Suisse) depuis la cr\u00e9ation de l\u2019Etat f\u00e9d\u00e9ral moderne en 1848. Il convient en outre de souligner que ces r\u00e9sultats ont \u00e9t\u00e9 approfondis \u00e0 travers le concept de fermeture sociale de Max Weber (1971) qui nous a permis de faire ressortir les dynamiques par lesquelles les ressortissants des Etats-tiers pouvaient \u2013 et peuvent encore aujourd\u2019hui \u2013 acc\u00e9der \u00e0 des biens sous certaines conditions. Trois p\u00e9riodes distinctes caract\u00e9risant l\u2019\u00e9volution des politiques d\u2019int\u00e9gration suisses peuvent ainsi \u00eatre observ\u00e9es : une p\u00e9riode de stabilit\u00e9 entre 1848 et 1920, une p\u00e9riode de durcissement des politiques de 1921 \u00e0 1973, suivies par une p\u00e9riode d\u2019am\u00e9liorations de 1974 \u00e0 2014. En d\u00e9composant cette \u00e9volution g\u00e9n\u00e9rale, ce travail se penche \u00e9galement sur les diff\u00e9rentes dimensions qui caract\u00e9risent celle-ci : les conditions de s\u00e9jour et d\u2019\u00e9tablissement, les conditions d\u2019acc\u00e8s aux ressources et droits \u00e9conomiques, sociaux, politiques et civils, et les conditions d\u2019acc\u00e8s \u00e0 la nationalit\u00e9. A travers l\u2019analyse de ces diff\u00e9rentes dimensions, nous remarquons ainsi qu\u2019en 166 ann\u00e9es, la Suisse est pass\u00e9e d\u2019une situation o\u00f9 l\u2019entr\u00e9e sur son territoire \u00e9tait relativement ais\u00e9e, mais o\u00f9 les droits accord\u00e9s aux \u00e9trangers \u00e9taient plut\u00f4t faibles, \u00e0 une situation aujourd\u2019hui o\u00f9 l\u2019on restreint l\u2019arriv\u00e9e, le s\u00e9jour et l\u2019\u00e9tablissement des \u00e9trangers, mais o\u00f9 l\u2019on accorde de plus en plus de droits aux \u00e9trangers s\u2019\u00e9tablissant d\u2019une mani\u00e8re permanente en Suisse. D\u2019un r\u00e9gime ayant une politique d\u2019immigration lib\u00e9rale \u2013 les crit\u00e8res de s\u00e9lection aux fronti\u00e8res faisant d\u00e9faut \u2013 mais \u00e9tant plus restrictif quant \u00e0 l\u2019acc\u00e8s aux droits citoyens, la Suisse aurait adopt\u00e9 un r\u00e9gime d\u2019immigration reposant sur le principe d\u2019une immigration s\u00e9lective mais mettant en place des conditions lib\u00e9rales pour les r\u00e9sidents (Wicker 2003). Ainsi, en nous basant sur Morris (2002, 2003), nous observons de multiples \u00ab strates de citoyennet\u00e9 \u00bb ; ces processus d\u2019inclusion et exclusion \u00e9voluant \u00e0 travers le temps et \u00e9tant divers pour chaque ressortissant d\u2019un Etat-tiers selon qu\u2019il ait un permis de s\u00e9jour ou d\u2019\u00e9tablissement, soit en Suisse pour des raisons de travail, dans le cadre d\u2019un regroupement familial, ou qu\u2019il soit naturalis\u00e9. Cette recherche portant sur les variables ind\u00e9pendantes de l\u2019int\u00e9gration des ressortissants des Etats-tiers en Suisse depuis 1848 permet ainsi de revenir sur 166 ann\u00e9es de l\u2019histoire suisse des migrations et de voir ainsi quels sont les opportunit\u00e9s \u2013 ou obstacles \u2013 qui permettent aux personnes de nationalit\u00e9 \u00e9trang\u00e8re de devenir des membres \u00e9gaux de la soci\u00e9t\u00e9 suisse depuis la cr\u00e9ation de l\u2019Etat f\u00e9d\u00e9ral.<\/div>\n<\/blockquote>\n","protected":false},"excerpt":{"rendered":"<p>Author(s) : Camilla Alberti Source : https:\/\/libra.unine.ch\/handle\/123456789\/8001 Abstract:<\/p>\n","protected":false},"author":4,"featured_media":0,"comment_status":"open","ping_status":"open","sticky":false,"template":"","format":"standard","meta":{"_kadence_starter_templates_imported_post":false,"_kad_post_transparent":"","_kad_post_title":"","_kad_post_layout":"","_kad_post_sidebar_id":"","_kad_post_content_style":"","_kad_post_vertical_padding":"","_kad_post_feature":"","_kad_post_feature_position":"","_kad_post_header":false,"_kad_post_footer":false,"_kad_post_classname":"","jetpack_post_was_ever_published":false,"_jetpack_newsletter_access":"","_jetpack_dont_email_post_to_subs":false,"_jetpack_newsletter_tier_id":0,"_jetpack_memberships_contains_paywalled_content":false,"_jetpack_memberships_contains_paid_content":false,"footnotes":""},"categories":[12],"tags":[141,70,252,52,87,98,387,129,319,389,94],"class_list":["post-1287","post","type-post","status-publish","format-standard","hentry","category-politics","tag-141","tag-citizenship","tag-democracy","tag-french-language","tag-history","tag-immigration-policy","tag-integration-policy","tag-law","tag-master-thesis","tag-nation","tag-political-system"],"jetpack_featured_media_url":"","jetpack_sharing_enabled":true,"_links":{"self":[{"href":"https:\/\/swissmig.unine.ch\/index.php?rest_route=\/wp\/v2\/posts\/1287","targetHints":{"allow":["GET"]}}],"collection":[{"href":"https:\/\/swissmig.unine.ch\/index.php?rest_route=\/wp\/v2\/posts"}],"about":[{"href":"https:\/\/swissmig.unine.ch\/index.php?rest_route=\/wp\/v2\/types\/post"}],"author":[{"embeddable":true,"href":"https:\/\/swissmig.unine.ch\/index.php?rest_route=\/wp\/v2\/users\/4"}],"replies":[{"embeddable":true,"href":"https:\/\/swissmig.unine.ch\/index.php?rest_route=%2Fwp%2Fv2%2Fcomments&post=1287"}],"version-history":[{"count":0,"href":"https:\/\/swissmig.unine.ch\/index.php?rest_route=\/wp\/v2\/posts\/1287\/revisions"}],"wp:attachment":[{"href":"https:\/\/swissmig.unine.ch\/index.php?rest_route=%2Fwp%2Fv2%2Fmedia&parent=1287"}],"wp:term":[{"taxonomy":"category","embeddable":true,"href":"https:\/\/swissmig.unine.ch\/index.php?rest_route=%2Fwp%2Fv2%2Fcategories&post=1287"},{"taxonomy":"post_tag","embeddable":true,"href":"https:\/\/swissmig.unine.ch\/index.php?rest_route=%2Fwp%2Fv2%2Ftags&post=1287"}],"curies":[{"name":"wp","href":"https:\/\/api.w.org\/{rel}","templated":true}]}}