{"id":1281,"date":"2017-11-05T21:14:14","date_gmt":"2017-11-05T20:14:14","guid":{"rendered":"https:\/\/swissmig.wordpress.com\/?p=1281"},"modified":"2017-11-05T21:14:14","modified_gmt":"2017-11-05T20:14:14","slug":"negotiating-one-position-switzerland-at-the-global-forum-on-migration-and-development","status":"publish","type":"post","link":"https:\/\/swissmig.unine.ch\/?p=1281","title":{"rendered":"Negotiating one position: Switzerland at the Global Forum on Migration and Development"},"content":{"rendered":"<h3>Author(s) : Anna Babel, Susan Thieme, Katarzyna Grabska<\/h3>\n<h3>Source : <a href=\"http:\/\/dx.doi.org\/10.1080\/09614524.2015.1058341\" target=\"_blank\" rel=\"noopener\">http:\/\/dx.doi.org\/10.1080\/09614524.2015.1058341<\/a><\/h3>\n<p><strong>Abstract: <\/strong><!--more--><\/p>\n<blockquote>\n<div>\n<div class=\"hlFld-Abstract test\">\n<div class=\"abstractSection abstractInFull\">\n<p>The paper explores intra-governmental processes in migration policy-making, using the example of Switzerland and examining its preparations for chairing the Global Forum on Migration and Development 2011. Switzerland&#8217;s \u201cone joint position\u201d, presented at the forum, required intensive negotiations and cooperation between different Swiss federal offices. The paper highlights how and why Switzerland achieved this joint position. It analyses the intra-governmental tensions between national securitisation and global migration and development debates and how they were overcome. This experience of a \u201cwhole-of-government approach\u201d offers an insight into politics underlying migration and development debates within donor countries, and its implications for global migration debates.<\/p>\n<p>&nbsp;<\/p>\n<\/div>\n<p>Cet article examine les processus intergouvernementaux en mati\u00e8re de formulation de politiques g\u00e9n\u00e9rales sur la migration, en utilisant l&#8217;exemple de la Suisse et en examinant ses pr\u00e9paratifs en vue de sa pr\u00e9sidence du Forum mondial sur la migration et le d\u00e9veloppement 2011. La \u00ab\u00a0position conjointe unique\u00a0\u00bb de la Suisse, pr\u00e9sent\u00e9e lors du forum, a demand\u00e9 des n\u00e9gociations intensives et une coop\u00e9ration entre diff\u00e9rents bureaux f\u00e9d\u00e9raux suisses. Cet article souligne comment et pourquoi la Suisse est parvenue \u00e0 cette position conjointe. Il analyse les tensions intragouvernementales entre la s\u00e9curisation nationale et la migration mondiale et les d\u00e9bats en mati\u00e8re de d\u00e9veloppement et la mani\u00e8re dont ils ont \u00e9t\u00e9 r\u00e9solus. Cette exp\u00e9rience d&#8217;une \u00ab\u00a0approche du d\u00e9veloppement dans son ensemble\u00a0\u00bb donne un aper\u00e7u des dimensions politiques qui \u00e9tayent la migration et les d\u00e9bats sur le d\u00e9veloppement au sein des pays donateurs, et de ses implications pour les d\u00e9bats sur la migration mondiale.<\/p>\n<p>El presente art\u00edculo examina los procesos intragubernamentales a partir de los cuales se determinan las pol\u00edticas migratorias, centr\u00e1ndose en el ejemplo de Suiza mediante el an\u00e1lisis de los preparativos que efectu\u00f3 para presidir el Foro Mundial sobre Migraci\u00f3n y Desarrollo realizado en 2011. Para que se lograra llegar a tener la \u201cposici\u00f3n conjunta \u00fanica\u201d presentada por Suiza en dicho foro, fue necesario emprender intensas negociaciones y establecer la cooperaci\u00f3n entre las distintas instancias federales suizas. El art\u00edculo da cuenta de c\u00f3mo y por qu\u00e9 Suiza logr\u00f3 esta posici\u00f3n conjunta \u00fanica, analizando las tensiones intragubernamentales surgidas en los debates centrados en la seguridad nacional, la migraci\u00f3n y el desarrollo mundiales, y c\u00f3mo las diferencias pudieron ser superadas. Esta experiencia de \u201cenfoque gubernamental integrado\u201d aporta varios hallazgos relativos a las pol\u00edticas que est\u00e1n en el fondo de los debates sobre migraci\u00f3n y desarrollo en los pa\u00edses donantes, as\u00ed como sobre sus consecuencias para los debates en torno a la migraci\u00f3n a nivel mundial.<\/p>\n<\/div>\n<div class=\"abstractKeywords\">\n<div class=\"hlFld-KeywordText\"><strong>Keywords<\/strong>: <a href=\"http:\/\/www.tandfonline.com\/keyword\/Governance+And+Public+Policy\"><\/a>Governance and public policy<span class=\"comma\">,\u00a0<\/span>Labour and livelihoods \u2013 Migration<\/div>\n<\/div>\n<\/div>\n<\/blockquote>\n<p>&nbsp;<\/p>\n","protected":false},"excerpt":{"rendered":"<p>Author(s) : Anna Babel, Susan Thieme, Katarzyna Grabska Source :&#8230;<\/p>\n","protected":false},"author":4,"featured_media":0,"comment_status":"open","ping_status":"open","sticky":false,"template":"","format":"standard","meta":{"_kadence_starter_templates_imported_post":false,"_kad_post_transparent":"","_kad_post_title":"","_kad_post_layout":"","_kad_post_sidebar_id":"","_kad_post_content_style":"","_kad_post_vertical_padding":"","_kad_post_feature":"","_kad_post_feature_position":"","_kad_post_header":false,"_kad_post_footer":false,"_kad_post_classname":"","jetpack_post_was_ever_published":false,"_jetpack_newsletter_access":"","_jetpack_dont_email_post_to_subs":false,"_jetpack_newsletter_tier_id":0,"_jetpack_memberships_contains_paywalled_content":false,"_jetpack_memberships_contains_paid_content":false,"footnotes":""},"categories":[12],"tags":[141,7,252,152,9,302,388,66,36,94,212],"class_list":["post-1281","post","type-post","status-publish","format-standard","hentry","category-politics","tag-141","tag-article","tag-democracy","tag-discourse","tag-english-language","tag-governance","tag-livelihoods","tag-migration","tag-migration-policy","tag-political-system","tag-security"],"jetpack_featured_media_url":"","jetpack_sharing_enabled":true,"_links":{"self":[{"href":"https:\/\/swissmig.unine.ch\/index.php?rest_route=\/wp\/v2\/posts\/1281","targetHints":{"allow":["GET"]}}],"collection":[{"href":"https:\/\/swissmig.unine.ch\/index.php?rest_route=\/wp\/v2\/posts"}],"about":[{"href":"https:\/\/swissmig.unine.ch\/index.php?rest_route=\/wp\/v2\/types\/post"}],"author":[{"embeddable":true,"href":"https:\/\/swissmig.unine.ch\/index.php?rest_route=\/wp\/v2\/users\/4"}],"replies":[{"embeddable":true,"href":"https:\/\/swissmig.unine.ch\/index.php?rest_route=%2Fwp%2Fv2%2Fcomments&post=1281"}],"version-history":[{"count":0,"href":"https:\/\/swissmig.unine.ch\/index.php?rest_route=\/wp\/v2\/posts\/1281\/revisions"}],"wp:attachment":[{"href":"https:\/\/swissmig.unine.ch\/index.php?rest_route=%2Fwp%2Fv2%2Fmedia&parent=1281"}],"wp:term":[{"taxonomy":"category","embeddable":true,"href":"https:\/\/swissmig.unine.ch\/index.php?rest_route=%2Fwp%2Fv2%2Fcategories&post=1281"},{"taxonomy":"post_tag","embeddable":true,"href":"https:\/\/swissmig.unine.ch\/index.php?rest_route=%2Fwp%2Fv2%2Ftags&post=1281"}],"curies":[{"name":"wp","href":"https:\/\/api.w.org\/{rel}","templated":true}]}}