{"id":1240,"date":"2017-11-02T22:27:31","date_gmt":"2017-11-02T21:27:31","guid":{"rendered":"https:\/\/swissmig.wordpress.com\/?p=1240"},"modified":"2017-11-02T22:27:31","modified_gmt":"2017-11-02T21:27:31","slug":"les-albanais-du-troisieme-age-en-suisse","status":"publish","type":"post","link":"https:\/\/swissmig.unine.ch\/?p=1240","title":{"rendered":"Les Albanais du troisi\u00e8me \u00e2ge en Suisse"},"content":{"rendered":"<h3>Author(s) : Kujtim Shabani<\/h3>\n<h3>Source : <a href=\"http:\/\/www.iseal.ch\/wp-content\/uploads\/2016\/NovPublications\/albanaisTroisieme.pdf\" target=\"_blank\" rel=\"noopener\">http:\/\/www.iseal.ch\/wp-content\/uploads\/2016\/NovPublications\/albanaisTroisieme.pdf<\/a><\/h3>\n<p><strong>Abstract: <\/strong><!--more--><\/p>\n<blockquote>\n<div>\u00abNous avons fait appel \u00e0 des forces de travail et ce sont des \u00eatres humains qui sont venus\u00bb. Cette citation du c\u00e9l\u00e8bre auteur suisse Max Frisch est utilis\u00e9e dans le cadre de l\u2019encouragement pour l\u2019am\u00e9lioration de la condition des immigr\u00e9s en Suisse. L\u2019incertitude quand \u00e0 la dur\u00e9e de leur s\u00e9jour en Suisse est un aspect important dans la vie des migrants. \u00abJe pensais rester deux ans en Suisse&#8230;, mais il en est r\u00e9sult\u00e9 une \u00e9ternit\u00e9\u00bb, dit l\u2019un des migrants qui s\u2019exprime dans cette \u00e9tude. Ils sont venus comme touristes, la plupart du temps en tant que \u201esaisonniers\u201c appel\u00e9s \u00e0 travailler en Suisse pendant au maximum cinq ans avant de retourner dans leur patrie. Au final, plusieurs d\u00e9cennies se sont \u00e9coul\u00e9es depuis leur arriv\u00e9e en Suisse: ils ont trouv\u00e9 un meilleur travail, ou mieux r\u00e9mun\u00e9r\u00e9, ils ont r\u00e9gl\u00e9 leur statut de s\u00e9jour, se sont fait naturalis\u00e9s, ont d\u00e9m\u00e9nag\u00e9, se sont install\u00e9s dans des appartements plus grands, ont fait venir leur famille.<\/div>\n<div class=\"KeywordGroup\" lang=\"de\"><\/div>\n<\/blockquote>\n<p>&nbsp;<\/p>\n","protected":false},"excerpt":{"rendered":"<p>Author(s) : Kujtim Shabani Source : http:\/\/www.iseal.ch\/wp-content\/uploads\/2016\/NovPublications\/albanaisTroisieme.pdf Abstract:<\/p>\n","protected":false},"author":4,"featured_media":0,"comment_status":"open","ping_status":"open","sticky":false,"template":"","format":"standard","meta":{"_kadence_starter_templates_imported_post":false,"_kad_post_transparent":"","_kad_post_title":"","_kad_post_layout":"","_kad_post_sidebar_id":"","_kad_post_content_style":"","_kad_post_vertical_padding":"","_kad_post_feature":"","_kad_post_feature_position":"","_kad_post_header":false,"_kad_post_footer":false,"_kad_post_classname":"","jetpack_post_was_ever_published":false,"_jetpack_newsletter_access":"","_jetpack_dont_email_post_to_subs":false,"_jetpack_newsletter_tier_id":0,"_jetpack_memberships_contains_paywalled_content":false,"_jetpack_memberships_contains_paid_content":false,"footnotes":""},"categories":[24],"tags":[14,336,176,142,52,87,36,249,91,347],"class_list":["post-1240","post","type-post","status-publish","format-standard","hentry","category-society-family-racism","tag-14","tag-albanians","tag-economic-integration","tag-elderly","tag-french-language","tag-history","tag-migration-policy","tag-report","tag-social-integration","tag-testimonies"],"jetpack_featured_media_url":"","jetpack_sharing_enabled":true,"_links":{"self":[{"href":"https:\/\/swissmig.unine.ch\/index.php?rest_route=\/wp\/v2\/posts\/1240","targetHints":{"allow":["GET"]}}],"collection":[{"href":"https:\/\/swissmig.unine.ch\/index.php?rest_route=\/wp\/v2\/posts"}],"about":[{"href":"https:\/\/swissmig.unine.ch\/index.php?rest_route=\/wp\/v2\/types\/post"}],"author":[{"embeddable":true,"href":"https:\/\/swissmig.unine.ch\/index.php?rest_route=\/wp\/v2\/users\/4"}],"replies":[{"embeddable":true,"href":"https:\/\/swissmig.unine.ch\/index.php?rest_route=%2Fwp%2Fv2%2Fcomments&post=1240"}],"version-history":[{"count":0,"href":"https:\/\/swissmig.unine.ch\/index.php?rest_route=\/wp\/v2\/posts\/1240\/revisions"}],"wp:attachment":[{"href":"https:\/\/swissmig.unine.ch\/index.php?rest_route=%2Fwp%2Fv2%2Fmedia&parent=1240"}],"wp:term":[{"taxonomy":"category","embeddable":true,"href":"https:\/\/swissmig.unine.ch\/index.php?rest_route=%2Fwp%2Fv2%2Fcategories&post=1240"},{"taxonomy":"post_tag","embeddable":true,"href":"https:\/\/swissmig.unine.ch\/index.php?rest_route=%2Fwp%2Fv2%2Ftags&post=1240"}],"curies":[{"name":"wp","href":"https:\/\/api.w.org\/{rel}","templated":true}]}}