{"id":1221,"date":"2017-11-02T22:03:48","date_gmt":"2017-11-02T21:03:48","guid":{"rendered":"https:\/\/swissmig.wordpress.com\/?p=1221"},"modified":"2017-11-02T22:03:48","modified_gmt":"2017-11-02T21:03:48","slug":"la-nouvelle-seconde-generation-introduction-au-numero-special","status":"publish","type":"post","link":"https:\/\/swissmig.unine.ch\/?p=1221","title":{"rendered":"La nouvelle seconde g\u00e9n\u00e9ration. Introduction au num\u00e9ro sp\u00e9cial"},"content":{"rendered":"<h3>Author(s) : Sandro Cattacin, Rosita Fibbi, Philippe Wanner<\/h3>\n<h3>Source : <a href=\"https:\/\/www.degruyter.com\/downloadpdf\/j\/sjs.2016.42.issue-2\/sjs-2016-0009\/sjs-2016-0009.pdf\" target=\"_blank\" rel=\"noopener\">https:\/\/www.degruyter.com\/downloadpdf\/j\/sjs.2016.42.issue-2\/sjs-2016-0009\/sjs-2016-0009.pdf<\/a><\/h3>\n<p><strong>Abstract: <\/strong><!--more--><\/p>\n<blockquote>\n<div>Le lecteur tient dans ses mains le premier num\u00e9ro sp\u00e9cial de la Revue suisse de<\/div>\n<div>sociologie sur les enfants de migrants en Suisse, \u00e0 presque soixante-dix ans du<\/div>\n<div>premier accord sur la migration que la Suisse a sign\u00e9 avec un Etat tiers, \u00e0 savoir<\/div>\n<div>l\u2019Italie (1948). En Suisse, la migration \u00e0 l\u2019enseigne du mod\u00e8le du Fremdarbeiter (ou<\/div>\n<div>Gastarbeiter, comme on disait en Allemagne) marque les Trente glorieuses et emp\u00eache efficacement l\u2019installation durable des arrivants (Wanner 2014). Ainsi, les<\/div>\n<div>premiers travaux sur les enfants de migrants et notamment sur leur pr\u00e9sence dans<\/div>\n<div>l\u2019\u00e9cole suisse datent des ann\u00e9es 1970, qui ont vu \u00e9merger les familles \u00e9trang\u00e8res aux<\/div>\n<div>origines notamment italiennes et espagnoles (avec les travaux pionniers de la socio-<\/div>\n<div>logie zurichoise autour de Hans-Joachim Hoffmann-Nowotny sur la famille ; voir par exemple Hoffmann-Nowotny 1973 ou Wilpert 1980).<\/div>\n<\/blockquote>\n<p>&nbsp;<\/p>\n","protected":false},"excerpt":{"rendered":"<p>Author(s) : Sandro Cattacin, Rosita Fibbi, Philippe Wanner Source :&#8230;<\/p>\n","protected":false},"author":4,"featured_media":0,"comment_status":"open","ping_status":"open","sticky":false,"template":"","format":"standard","meta":{"_kadence_starter_templates_imported_post":false,"_kad_post_transparent":"","_kad_post_title":"","_kad_post_layout":"","_kad_post_sidebar_id":"","_kad_post_content_style":"","_kad_post_vertical_padding":"","_kad_post_feature":"","_kad_post_feature_position":"","_kad_post_header":false,"_kad_post_footer":false,"_kad_post_classname":"","jetpack_post_was_ever_published":false,"_jetpack_newsletter_access":"","_jetpack_dont_email_post_to_subs":false,"_jetpack_newsletter_tier_id":0,"_jetpack_memberships_contains_paywalled_content":false,"_jetpack_memberships_contains_paid_content":false,"footnotes":""},"categories":[24],"tags":[14,7,151,52,87,175,145,47,91,349],"class_list":["post-1221","post","type-post","status-publish","format-standard","hentry","category-society-family-racism","tag-14","tag-article","tag-cultural-identity","tag-french-language","tag-history","tag-italians","tag-second-generation","tag-social-inequalities","tag-social-integration","tag-spaniards"],"jetpack_featured_media_url":"","jetpack_sharing_enabled":true,"_links":{"self":[{"href":"https:\/\/swissmig.unine.ch\/index.php?rest_route=\/wp\/v2\/posts\/1221","targetHints":{"allow":["GET"]}}],"collection":[{"href":"https:\/\/swissmig.unine.ch\/index.php?rest_route=\/wp\/v2\/posts"}],"about":[{"href":"https:\/\/swissmig.unine.ch\/index.php?rest_route=\/wp\/v2\/types\/post"}],"author":[{"embeddable":true,"href":"https:\/\/swissmig.unine.ch\/index.php?rest_route=\/wp\/v2\/users\/4"}],"replies":[{"embeddable":true,"href":"https:\/\/swissmig.unine.ch\/index.php?rest_route=%2Fwp%2Fv2%2Fcomments&post=1221"}],"version-history":[{"count":0,"href":"https:\/\/swissmig.unine.ch\/index.php?rest_route=\/wp\/v2\/posts\/1221\/revisions"}],"wp:attachment":[{"href":"https:\/\/swissmig.unine.ch\/index.php?rest_route=%2Fwp%2Fv2%2Fmedia&parent=1221"}],"wp:term":[{"taxonomy":"category","embeddable":true,"href":"https:\/\/swissmig.unine.ch\/index.php?rest_route=%2Fwp%2Fv2%2Fcategories&post=1221"},{"taxonomy":"post_tag","embeddable":true,"href":"https:\/\/swissmig.unine.ch\/index.php?rest_route=%2Fwp%2Fv2%2Ftags&post=1221"}],"curies":[{"name":"wp","href":"https:\/\/api.w.org\/{rel}","templated":true}]}}