{"id":1213,"date":"2017-11-02T21:28:35","date_gmt":"2017-11-02T20:28:35","guid":{"rendered":"https:\/\/swissmig.wordpress.com\/?p=1213"},"modified":"2017-11-02T21:28:35","modified_gmt":"2017-11-02T20:28:35","slug":"a-force-de-mal-dire-le-public-va-forcement-mal-entendre-sur-lutilisation-rhetorique-des-termes-afflux-et-invasion-dexiles-pour-justifier-la-gest","status":"publish","type":"post","link":"https:\/\/swissmig.unine.ch\/?p=1213","title":{"rendered":"A force de mal dire, le public va forc\u00e9ment mal entendre! Sur l\u2019utilisation rh\u00e9torique des termes \u201cafflux\u201d et \u201cinvasion\u201d d\u2019exil\u00e9s pour justifier la gestion en urgence de leur h\u00e9bergement en Suisse"},"content":{"rendered":"<h3>Author(s) : Cristina Del Biaggio<\/h3>\n<h3>Source : <a href=\"https:\/\/archive-ouverte.unige.ch\/unige:89280\" target=\"_blank\" rel=\"noopener\">https:\/\/archive-ouverte.unige.ch\/unige:89280<\/a><\/h3>\n<p><strong>Abstract: <\/strong><!--more--><\/p>\n<blockquote>\n<div>Le manque de places d&#8217;h\u00e9bergement pour demandeurs d&#8217;asile a \u00e9t\u00e9 une th\u00e9matique r\u00e9currente dans les m\u00e9dias en Suisse en 2014. Pour expliquer cette crise du logement, la \u00ab hausse des demandes d&#8217;asile \u00bb a syst\u00e9matiquement \u00e9t\u00e9 invoqu\u00e9e par les autorit\u00e9s et r\u00e9p\u00e9t\u00e9e en boucle par les m\u00e9dias. L&#8217;ouverture d&#8217;abris de protection civile, souterrains, est, sauf dans de rares cas, la seule solution envisag\u00e9e \u00e0 court terme dans quelques cantons de Suisse romande. Or, malgr\u00e9 la situation g\u00e9opolitique internationale, en Suisse, ladite hausse n&#8217;a pas \u00e9t\u00e9 si \u00ab explosive \u00bb ou \u00ab extraordinaire \u00bb, compar\u00e9e aux ann\u00e9es pr\u00e9c\u00e9dentes. Par cons\u00e9quent, si les cantons peinent \u00e0 loger les demandeurs d&#8217;asile, c&#8217;est qu&#8217;il y a d&#8217;autres raisons, conjoncturelles et structurelles. Je montrerai que le manque de lits est d\u00fb au fait que toujours plus de demandeurs d&#8217;asile ont le droit de rester et de s&#8217;installer en Suisse au regard du droit d&#8217;asile. Pourquoi les autorit\u00e9s et les m\u00e9dias ne proposent-ils pas cette grille d&#8217;analyse? Je pose l&#8217;hypoth\u00e8se que la rh\u00e9torique de l&#8217;invasion, qualifi\u00e9e de \u00ab mythe \u00bb par de Haas (de Haas 2008), est int\u00e9gr\u00e9e dans un \u00ab syst\u00e8me de croyances \u00bb. Une d\u00e9formation de la connaissance faisant na\u00eetre le malentendu (Lazar, 2005), servant \u00e0 justifier des politiques d&#8217;urgence, notamment dans le domaine du logement pour exil\u00e9s, et emp\u00eachant les journalistes d&#8217;enqu\u00eater sur les vraies raisons du manque de places d&#8217;h\u00e9bergement.<\/div>\n<div><strong>Mots-cl\u00e9s<\/strong>: H\u00e9bergement \u2014 Logement \u2014 Bunkers \u2014 Abris PC \u2014 Suisse \u2014 Exil\u00e9s \u2014 Migration \u2014 R\u00e9fugi\u00e9 \u2014 M\u00e9dias \u2014 Communication<\/div>\n<\/blockquote>\n<p>&nbsp;<\/p>\n","protected":false},"excerpt":{"rendered":"<p>Author(s) : Cristina Del Biaggio Source : https:\/\/archive-ouverte.unige.ch\/unige:89280 Abstract:<\/p>\n","protected":false},"author":4,"featured_media":0,"comment_status":"open","ping_status":"open","sticky":false,"template":"","format":"standard","meta":{"_kadence_starter_templates_imported_post":false,"_kad_post_transparent":"","_kad_post_title":"","_kad_post_layout":"","_kad_post_sidebar_id":"","_kad_post_content_style":"","_kad_post_vertical_padding":"","_kad_post_feature":"","_kad_post_feature_position":"","_kad_post_header":false,"_kad_post_footer":false,"_kad_post_classname":"","jetpack_post_was_ever_published":false,"_jetpack_newsletter_access":"","_jetpack_dont_email_post_to_subs":false,"_jetpack_newsletter_tier_id":0,"_jetpack_memberships_contains_paywalled_content":false,"_jetpack_memberships_contains_paid_content":false,"footnotes":""},"categories":[167],"tags":[14,7,50,173,52,378,115,103,379,68],"class_list":["post-1213","post","type-post","status-publish","format-standard","hentry","category-ethnicity-languages-religion-arts","tag-14","tag-article","tag-asylum-seekers","tag-cross-cultural-communication","tag-french-language","tag-housing","tag-mass-media","tag-refugees","tag-resettlement","tag-sociolinguistics"],"jetpack_featured_media_url":"","jetpack_sharing_enabled":true,"_links":{"self":[{"href":"https:\/\/swissmig.unine.ch\/index.php?rest_route=\/wp\/v2\/posts\/1213","targetHints":{"allow":["GET"]}}],"collection":[{"href":"https:\/\/swissmig.unine.ch\/index.php?rest_route=\/wp\/v2\/posts"}],"about":[{"href":"https:\/\/swissmig.unine.ch\/index.php?rest_route=\/wp\/v2\/types\/post"}],"author":[{"embeddable":true,"href":"https:\/\/swissmig.unine.ch\/index.php?rest_route=\/wp\/v2\/users\/4"}],"replies":[{"embeddable":true,"href":"https:\/\/swissmig.unine.ch\/index.php?rest_route=%2Fwp%2Fv2%2Fcomments&post=1213"}],"version-history":[{"count":0,"href":"https:\/\/swissmig.unine.ch\/index.php?rest_route=\/wp\/v2\/posts\/1213\/revisions"}],"wp:attachment":[{"href":"https:\/\/swissmig.unine.ch\/index.php?rest_route=%2Fwp%2Fv2%2Fmedia&parent=1213"}],"wp:term":[{"taxonomy":"category","embeddable":true,"href":"https:\/\/swissmig.unine.ch\/index.php?rest_route=%2Fwp%2Fv2%2Fcategories&post=1213"},{"taxonomy":"post_tag","embeddable":true,"href":"https:\/\/swissmig.unine.ch\/index.php?rest_route=%2Fwp%2Fv2%2Ftags&post=1213"}],"curies":[{"name":"wp","href":"https:\/\/api.w.org\/{rel}","templated":true}]}}