{"id":1174,"date":"2017-11-02T19:42:22","date_gmt":"2017-11-02T18:42:22","guid":{"rendered":"https:\/\/swissmig.wordpress.com\/?p=1174"},"modified":"2017-11-02T19:42:22","modified_gmt":"2017-11-02T18:42:22","slug":"la-sante-psychique-des-mineurs-non-accompagnes-recherche-qualitative-sur-la-prise-en-charge-psychiatrique-des-mineurs-non-accompagnes-dans-le-canton-de-vaud","status":"publish","type":"post","link":"https:\/\/swissmig.unine.ch\/?p=1174","title":{"rendered":"La sant\u00e9 psychique des mineurs non accompagn\u00e9s : recherche qualitative sur la prise en charge psychiatrique des mineurs non accompagn\u00e9s dans le canton de Vaud"},"content":{"rendered":"<h3>Author(s) : Garance Rothenbuehler<\/h3>\n<h3>Source : <a href=\"https:\/\/archive-ouverte.unige.ch\/unige:160883\" target=\"_blank\" rel=\"noopener\">https:\/\/archive-ouverte.unige.ch\/unige:160883<\/a><\/h3>\n<p><strong>Abstract: <\/strong><!--more--><\/p>\n<blockquote>\n<div>Les mineurs non accompagn\u00e9s (MNA) arriv\u00e9s en nombre croissant en Suisse depuis<\/div>\n<div>plusieurs ann\u00e9es, pr\u00e9sentent des traumatismes particuliers dus \u00e0 ce qu\u2019ils ont subi dans leur pays d\u2019origine, lors de leur parcours de r\u00e9fugi\u00e9s ainsi qu\u2019au choc culturel \u00e0<\/div>\n<div>leur arriv\u00e9e. Conform\u00e9ment \u00e0 la l\u00e9gislation internationale, en particulier la Convention relative aux droits de l&#8217;enfant (CDE), la Suisse est tenue de leur accorder les m\u00eames droits au bien-\u00eatre et au d\u00e9veloppement qu\u2019aux enfants suisses. Ceci implique une attention particuli\u00e8re de la part des autorit\u00e9s aux soins de sant\u00e9 physique et psychique adapt\u00e9s \u00e0 leur situation. Par une approche qualitative bas\u00e9e sur des entretiens avec dix intervenants sur le terrain repr\u00e9sentant la psychologie, la psychiatrie, la p\u00e9dopsychiatrie, la p\u00e9diatrie, la m\u00e9decine interne et l\u2019interpr\u00e9tariat, le pr\u00e9sent travail cherche \u00e0 \u00e9tudier comment la prise en charge psychiatrique dans le canton de Vaud r\u00e9pond aux besoins psychiques sp\u00e9cifiques des MNA et si la dimension de genre est prise en compte par une attention port\u00e9e aux besoins sp\u00e9cifiques des filles MNA.<\/div>\n<\/blockquote>\n","protected":false},"excerpt":{"rendered":"<p>Author(s) : Garance Rothenbuehler Source : https:\/\/archive-ouverte.unige.ch\/unige:160883 Abstract:<\/p>\n","protected":false},"author":4,"featured_media":0,"comment_status":"open","ping_status":"open","sticky":false,"template":"","format":"standard","meta":{"_kadence_starter_templates_imported_post":false,"_kad_post_transparent":"","_kad_post_title":"","_kad_post_layout":"","_kad_post_sidebar_id":"","_kad_post_content_style":"","_kad_post_vertical_padding":"","_kad_post_feature":"","_kad_post_feature_position":"","_kad_post_header":false,"_kad_post_footer":false,"_kad_post_classname":"","jetpack_post_was_ever_published":false,"_jetpack_newsletter_access":"","_jetpack_dont_email_post_to_subs":false,"_jetpack_newsletter_tier_id":0,"_jetpack_memberships_contains_paywalled_content":false,"_jetpack_memberships_contains_paid_content":false,"footnotes":""},"categories":[59],"tags":[48,318,52,148,157,17,319,185,188,200,64,370],"class_list":["post-1174","post","type-post","status-publish","format-standard","hentry","category-health","tag-48","tag-children","tag-french-language","tag-gender","tag-health-care","tag-immigrants","tag-master-thesis","tag-mental-health","tag-ptsd","tag-qualitative-approach","tag-unaccompanied-minors","tag-vaud"],"jetpack_featured_media_url":"","jetpack_sharing_enabled":true,"_links":{"self":[{"href":"https:\/\/swissmig.unine.ch\/index.php?rest_route=\/wp\/v2\/posts\/1174","targetHints":{"allow":["GET"]}}],"collection":[{"href":"https:\/\/swissmig.unine.ch\/index.php?rest_route=\/wp\/v2\/posts"}],"about":[{"href":"https:\/\/swissmig.unine.ch\/index.php?rest_route=\/wp\/v2\/types\/post"}],"author":[{"embeddable":true,"href":"https:\/\/swissmig.unine.ch\/index.php?rest_route=\/wp\/v2\/users\/4"}],"replies":[{"embeddable":true,"href":"https:\/\/swissmig.unine.ch\/index.php?rest_route=%2Fwp%2Fv2%2Fcomments&post=1174"}],"version-history":[{"count":0,"href":"https:\/\/swissmig.unine.ch\/index.php?rest_route=\/wp\/v2\/posts\/1174\/revisions"}],"wp:attachment":[{"href":"https:\/\/swissmig.unine.ch\/index.php?rest_route=%2Fwp%2Fv2%2Fmedia&parent=1174"}],"wp:term":[{"taxonomy":"category","embeddable":true,"href":"https:\/\/swissmig.unine.ch\/index.php?rest_route=%2Fwp%2Fv2%2Fcategories&post=1174"},{"taxonomy":"post_tag","embeddable":true,"href":"https:\/\/swissmig.unine.ch\/index.php?rest_route=%2Fwp%2Fv2%2Ftags&post=1174"}],"curies":[{"name":"wp","href":"https:\/\/api.w.org\/{rel}","templated":true}]}}