{"id":1171,"date":"2017-11-02T17:04:33","date_gmt":"2017-11-02T16:04:33","guid":{"rendered":"https:\/\/swissmig.wordpress.com\/?p=1171"},"modified":"2017-11-02T17:04:33","modified_gmt":"2017-11-02T16:04:33","slug":"integration-des-refugies-du-moyen-orient-dans-la-societe-valaisanne","status":"publish","type":"post","link":"https:\/\/swissmig.unine.ch\/?p=1171","title":{"rendered":"Int\u00e9gration des r\u00e9fugi\u00e9s du Moyen-Orient dans la soci\u00e9t\u00e9 valaisanne"},"content":{"rendered":"<h3>Author(s) : Bastien Darbellay<\/h3>\n<h3>Source : <a href=\"http:\/\/doc.rero.ch\/record\/305470\" target=\"_blank\" rel=\"noopener\">http:\/\/doc.rero.ch\/record\/305470<\/a><\/h3>\n<p><strong>Abstract: <\/strong><!--more--><\/p>\n<blockquote><p>Des personnes fuient par milliers des r\u00e9gions en guerre au Moyen-Orient. Apr\u00e8s un parcours migratoire \u00e9puisant, ils demandent l\u2019asile \u00e0 la Suisse. La description des conditions de leur int\u00e9gration en Valais constitue la base de ce travail. Je me suis fix\u00e9 plusieurs objectifs personnels, professionnels et th\u00e9oriques. J\u2019ai ensuite \u00e9mis deux hypoth\u00e8ses que j\u2019ai tent\u00e9 de v\u00e9rifier dans la partie empirique. La premi\u00e8re sous-entend que le fait de se trouver au carrefour de deux cultures implique des choix de la part des r\u00e9fugi\u00e9s. La seconde hypoth\u00e8se affirme que la soci\u00e9t\u00e9 valaisanne offre les moyens ad\u00e9quats pour une bonne int\u00e9gration.<\/p><\/blockquote>\n<p>&nbsp;<\/p>\n","protected":false},"excerpt":{"rendered":"<p>Author(s) : Bastien Darbellay Source : http:\/\/doc.rero.ch\/record\/305470 Abstract:<\/p>\n","protected":false},"author":4,"featured_media":0,"comment_status":"open","ping_status":"open","sticky":false,"template":"","format":"standard","meta":{"_kadence_starter_templates_imported_post":false,"_kad_post_transparent":"","_kad_post_title":"","_kad_post_layout":"","_kad_post_sidebar_id":"","_kad_post_content_style":"","_kad_post_vertical_padding":"","_kad_post_feature":"","_kad_post_feature_position":"","_kad_post_header":false,"_kad_post_footer":false,"_kad_post_classname":"","jetpack_post_was_ever_published":false,"_jetpack_newsletter_access":"","_jetpack_dont_email_post_to_subs":false,"_jetpack_newsletter_tier_id":0,"_jetpack_memberships_contains_paywalled_content":false,"_jetpack_memberships_contains_paid_content":false,"footnotes":""},"categories":[12],"tags":[48,49,50,292,151,52,98,368,103,91,369],"class_list":["post-1171","post","type-post","status-publish","format-standard","hentry","category-politics","tag-48","tag-asylum-policy","tag-asylum-seekers","tag-bachelor-thesis","tag-cultural-identity","tag-french-language","tag-immigration-policy","tag-middle-east","tag-refugees","tag-social-integration","tag-valais"],"jetpack_featured_media_url":"","jetpack_sharing_enabled":true,"_links":{"self":[{"href":"https:\/\/swissmig.unine.ch\/index.php?rest_route=\/wp\/v2\/posts\/1171","targetHints":{"allow":["GET"]}}],"collection":[{"href":"https:\/\/swissmig.unine.ch\/index.php?rest_route=\/wp\/v2\/posts"}],"about":[{"href":"https:\/\/swissmig.unine.ch\/index.php?rest_route=\/wp\/v2\/types\/post"}],"author":[{"embeddable":true,"href":"https:\/\/swissmig.unine.ch\/index.php?rest_route=\/wp\/v2\/users\/4"}],"replies":[{"embeddable":true,"href":"https:\/\/swissmig.unine.ch\/index.php?rest_route=%2Fwp%2Fv2%2Fcomments&post=1171"}],"version-history":[{"count":0,"href":"https:\/\/swissmig.unine.ch\/index.php?rest_route=\/wp\/v2\/posts\/1171\/revisions"}],"wp:attachment":[{"href":"https:\/\/swissmig.unine.ch\/index.php?rest_route=%2Fwp%2Fv2%2Fmedia&parent=1171"}],"wp:term":[{"taxonomy":"category","embeddable":true,"href":"https:\/\/swissmig.unine.ch\/index.php?rest_route=%2Fwp%2Fv2%2Fcategories&post=1171"},{"taxonomy":"post_tag","embeddable":true,"href":"https:\/\/swissmig.unine.ch\/index.php?rest_route=%2Fwp%2Fv2%2Ftags&post=1171"}],"curies":[{"name":"wp","href":"https:\/\/api.w.org\/{rel}","templated":true}]}}