{"id":1160,"date":"2017-11-02T15:45:39","date_gmt":"2017-11-02T14:45:39","guid":{"rendered":"https:\/\/swissmig.wordpress.com\/?p=1160"},"modified":"2017-11-02T15:45:39","modified_gmt":"2017-11-02T14:45:39","slug":"la-representation-du-refugie-a-travers-le-dessin-de-presse-de-suisse-romande-la-crise-de-lasile-de-1989-a-1991","status":"publish","type":"post","link":"https:\/\/swissmig.unine.ch\/?p=1160","title":{"rendered":"La repr\u00e9sentation du r\u00e9fugi\u00e9 \u00e0 travers le dessin de presse de Suisse romande : la &#8220;crise de l&#8217;asile&#8221; de 1989 \u00e0 1991"},"content":{"rendered":"<h3>Author(s) : David Boillat<\/h3>\n<h3>Source : <a href=\"https:\/\/libra.unine.ch\/handle\/123456789\/4301\" target=\"_blank\" rel=\"noopener\">https:\/\/libra.unine.ch\/handle\/123456789\/4301<\/a><\/h3>\n<p><strong>Abstract: <\/strong><!--more--><\/p>\n<blockquote><p>La \u00ab crise migratoire \u00bb appara\u00eet depuis plusieurs ann\u00e9es en Suisse et en Europe comme un sujet d\u2019actualit\u00e9 br\u00fblant. Elle inspire de nombreux dessinateurs de presse qui par leurs dessins suscitent l\u2019int\u00e9r\u00eat de l\u2019opinion publique. Expositions et ouvrages collectifs regroupent leurs \u0153uvres pour aborder la th\u00e9matique sensible et controvers\u00e9e des r\u00e9fugi\u00e9s. La mise en valeur de leurs dessins s\u2019observe d\u00e9j\u00e0 dans les ann\u00e9es 1980, p\u00e9riode marqu\u00e9e par une forte politisation de l\u2019asile et la venue croissante de requ\u00e9rants. Entre 1989 et 1991, confront\u00e9e \u00e0 un nombre record de demandes d\u2019asile, la Suisse traverse sa premi\u00e8re \u00ab crise de l\u2019asile \u00bb.<\/p>\n<p>A travers les \u0153uvres de sept caricaturistes bien connus des lecteurs de la presse romande, Barrigue, Burki, Casal, Chappatte, Elzingre, Pierre Reymond et Skyll, et sur la base d\u2019entretiens r\u00e9alis\u00e9s avec ceux-ci, ce travail de m\u00e9moire cherche \u00e0 comprendre comment ces dessinateurs ont per\u00e7u et illustr\u00e9 la th\u00e9matique des r\u00e9fugi\u00e9s lors de la \u00ab crise de l\u2019asile \u00bb.<\/p>\n<p>La repr\u00e9sentation du r\u00e9fugi\u00e9 dans le dessin de presse suisse remonte au d\u00e9but de la presse satirique. Du r\u00e9fugi\u00e9 lib\u00e9ral allemand du XIX\u00e8me si\u00e8cle au \u00ab r\u00e9fugi\u00e9 du Sud \u00bb \u00e0 la fin des ann\u00e9es 1970, les caricaturistes ont illustr\u00e9 diff\u00e9rentes figures du r\u00e9fugi\u00e9 repr\u00e9sentatives des enjeux migratoires de leur \u00e9poque. Cependant, le nombre de ces repr\u00e9sentations visuelles a vari\u00e9 au fil du temps. L\u2019analyse quantitative des dessins de Pierre Reymond d\u00e9montre que le dessinateur r\u00e9agit selon l\u2019intensit\u00e9 du d\u00e9bat politique relatif \u00e0 l\u2019asile. Au cours des ann\u00e9es 1980, le r\u00e9fugi\u00e9 s\u2019impose comme la \u00ab figure embl\u00e9matique de l\u2019\u00e9tranger \u00bb dans la production graphique du caricaturiste genevois, place occup\u00e9e les d\u00e9cennies pr\u00e9c\u00e9dentes par la figure du travailleur immigr\u00e9. Lors de la \u00ab crise de l\u2019asile \u00bb, on retrouve parfois des dessins o\u00f9 ces deux types de figure se confondent. La r\u00e9alit\u00e9 migratoire est en effet devenue particuli\u00e8rement complexe. La provenance des r\u00e9fugi\u00e9s se diversifie et les dessinateurs privil\u00e9gient les groupes les plus m\u00e9diatis\u00e9s. D\u00e9peints la plupart du temps comme des victimes par les \u00ab artistes de presse \u00bb, les r\u00e9fugi\u00e9s font face \u00e0 des situations dramatiques. Par ailleurs, les dessinateurs emploient un \u00ab vocabulaire visuel \u00bb commun pour mettre en sc\u00e8ne la figure du r\u00e9fugi\u00e9. Outre la fonction illustrative du dessin de presse, l\u2019image refl\u00e8te le point de vue de son cr\u00e9ateur. La comparaison de dessins illustrant les m\u00eames faits d\u2019actualit\u00e9 r\u00e9v\u00e8le des \u00e9l\u00e9ments de divergence et de convergence dans le discours des dessinateurs de presse.<\/p><\/blockquote>\n","protected":false},"excerpt":{"rendered":"<p>Author(s) : David Boillat Source : https:\/\/libra.unine.ch\/handle\/123456789\/4301 Abstract:<\/p>\n","protected":false},"author":4,"featured_media":0,"comment_status":"open","ping_status":"open","sticky":false,"template":"","format":"standard","meta":{"_kadence_starter_templates_imported_post":false,"_kad_post_transparent":"","_kad_post_title":"","_kad_post_layout":"","_kad_post_sidebar_id":"","_kad_post_content_style":"","_kad_post_vertical_padding":"","_kad_post_feature":"","_kad_post_feature_position":"","_kad_post_header":false,"_kad_post_footer":false,"_kad_post_classname":"","jetpack_post_was_ever_published":false,"_jetpack_newsletter_access":"","_jetpack_dont_email_post_to_subs":false,"_jetpack_newsletter_tier_id":0,"_jetpack_memberships_contains_paywalled_content":false,"_jetpack_memberships_contains_paid_content":false,"footnotes":""},"categories":[167],"tags":[48,37,152,52,115,319,103],"class_list":["post-1160","post","type-post","status-publish","format-standard","hentry","category-ethnicity-languages-religion-arts","tag-48","tag-attitudes-towards-migrants","tag-discourse","tag-french-language","tag-mass-media","tag-master-thesis","tag-refugees"],"jetpack_featured_media_url":"","jetpack_sharing_enabled":true,"_links":{"self":[{"href":"https:\/\/swissmig.unine.ch\/index.php?rest_route=\/wp\/v2\/posts\/1160","targetHints":{"allow":["GET"]}}],"collection":[{"href":"https:\/\/swissmig.unine.ch\/index.php?rest_route=\/wp\/v2\/posts"}],"about":[{"href":"https:\/\/swissmig.unine.ch\/index.php?rest_route=\/wp\/v2\/types\/post"}],"author":[{"embeddable":true,"href":"https:\/\/swissmig.unine.ch\/index.php?rest_route=\/wp\/v2\/users\/4"}],"replies":[{"embeddable":true,"href":"https:\/\/swissmig.unine.ch\/index.php?rest_route=%2Fwp%2Fv2%2Fcomments&post=1160"}],"version-history":[{"count":0,"href":"https:\/\/swissmig.unine.ch\/index.php?rest_route=\/wp\/v2\/posts\/1160\/revisions"}],"wp:attachment":[{"href":"https:\/\/swissmig.unine.ch\/index.php?rest_route=%2Fwp%2Fv2%2Fmedia&parent=1160"}],"wp:term":[{"taxonomy":"category","embeddable":true,"href":"https:\/\/swissmig.unine.ch\/index.php?rest_route=%2Fwp%2Fv2%2Fcategories&post=1160"},{"taxonomy":"post_tag","embeddable":true,"href":"https:\/\/swissmig.unine.ch\/index.php?rest_route=%2Fwp%2Fv2%2Ftags&post=1160"}],"curies":[{"name":"wp","href":"https:\/\/api.w.org\/{rel}","templated":true}]}}