{"id":1095,"date":"2017-11-01T21:47:16","date_gmt":"2017-11-01T20:47:16","guid":{"rendered":"https:\/\/swissmig.wordpress.com\/?p=1095"},"modified":"2017-11-01T21:47:16","modified_gmt":"2017-11-01T20:47:16","slug":"emigration-patterns-and-determinants-of-children-of-immigrants-in-switzerland","status":"publish","type":"post","link":"https:\/\/swissmig.unine.ch\/?p=1095","title":{"rendered":"Emigration Patterns and Determinants of Children of Immigrants in Switzerland"},"content":{"rendered":"<h3>Author(s) : Ilka Steiner<\/h3>\n<h3>Source : <a href=\"https:\/\/doi.org\/10.1515\/sjs-2016-0018\" target=\"_blank\" rel=\"noopener\">https:\/\/doi.org\/10.1515\/sjs-2016-0018<\/a><\/h3>\n<p><strong>Abstract: <\/strong><!--more--><\/p>\n<blockquote>\n<div class=\"art-abstract in-tab\">\n<div class=\"articleBody_abstract\">\n<p>Existing studies on emigration either focus on the first generation or the total migrant population. Analysing the Swiss context, this article explores the emigration patterns and determinants of children of immigrants in comparison with other subpopulations. We use original longitudinal data (obtained by linking the Structural Survey and the Population and Household Statistics) that provide information on emigration flows as well as on the migratory background. Results differ significantly according to the migratory status considered.<\/p>\n<\/div>\n<div class=\"articleBody_abstract\">\n<h2 class=\"abstractTitle\">Zusammenfassung<\/h2>\n<p>Der Fokus bestehender Emigrationsstudien ist entweder auf die erste Generation oder die Gesamtmigrationsbev\u00f6lkerung gerichtet. Dieser Artikel untersucht die Emigrationsmuster und -faktoren der Immigrantenkinder im Vergleich mit anderen Bev\u00f6lkerungsgruppen im Schweizer Kontext. Daf\u00fcr kommen neue L\u00e4ngsschnittdaten zur Anwendung (die Strukturerhebung und die Statistik der Bev\u00f6lkerung und der Haushalte), welche die Auswanderungen beinhalten und Aufschluss \u00fcber den Migrationsstatus geben. Die Studienergebnisse variieren deutlich zwischen den einzelnen Migrationsstatus.<\/p>\n<\/div>\n<div class=\"articleBody_abstract\">\n<h2 class=\"abstractTitle\">R\u00e9sum\u00e9<\/h2>\n<p>Les \u00e9tudes existantes sur l\u2019\u00e9migration mettent soit l\u2019accent sur la premi\u00e8re g\u00e9n\u00e9ration soit sur l\u2019ensemble de la population migrante. Cet article explore les facteurs d\u2019\u00e9migration des enfants d\u2019immigrants en comparaison avec d\u2019autres sous-populations dans le contexte suisse. Nous utilisons des donn\u00e9es longitudinales (obtenues en appariant le relev\u00e9 structurel et la statistique de la population et des m\u00e9nages) qui d\u00e9crivent les \u00e9migrations ainsi que la trajectoire migratoire. Les r\u00e9sultats diff\u00e8rent consid\u00e9rablement selon le statut migratoire consid\u00e9r\u00e9.<\/p>\n<\/div>\n<p class=\"articleBody_keywords\"><span class=\"label\"><strong>Keywords<\/strong>: <\/span>Children of immigrants; emigration; Switzerland; longitudinal data; migratory status<\/p>\n<p class=\"articleBody_keywords\"><span class=\"label\"><strong>Schl\u00fcsselw\u00f6rter<\/strong>: <\/span>Immigrantenkinder; Auswanderung; Schweiz; L\u00e4ngsschnittdaten; Migrationsstatus<\/p>\n<p class=\"articleBody_keywords\"><span class=\"label\"><strong>Mots-cl\u00e9s<\/strong>: <\/span>Enfant d\u2019immigrants; \u00e9migration; Suisse; donn\u00e9es longitudinales; statut migratoire<\/p>\n<\/div>\n<\/blockquote>\n<p>&nbsp;<\/p>\n","protected":false},"excerpt":{"rendered":"<p>Author(s) : Ilka Steiner Source : https:\/\/doi.org\/10.1515\/sjs-2016-0018 Abstract:<\/p>\n","protected":false},"author":4,"featured_media":0,"comment_status":"open","ping_status":"open","sticky":false,"template":"","format":"standard","meta":{"_kadence_starter_templates_imported_post":false,"_kad_post_transparent":"","_kad_post_title":"","_kad_post_layout":"","_kad_post_sidebar_id":"","_kad_post_content_style":"","_kad_post_vertical_padding":"","_kad_post_feature":"","_kad_post_feature_position":"","_kad_post_header":false,"_kad_post_footer":false,"_kad_post_classname":"","jetpack_post_was_ever_published":false,"_jetpack_newsletter_access":"","_jetpack_dont_email_post_to_subs":false,"_jetpack_newsletter_tier_id":0,"_jetpack_memberships_contains_paywalled_content":false,"_jetpack_memberships_contains_paid_content":false,"footnotes":""},"categories":[43],"tags":[14,7,318,57,137,9,20,138,356,145,143],"class_list":["post-1095","post","type-post","status-publish","format-standard","hentry","category-the-migration-phenomenon","tag-14","tag-article","tag-children","tag-comparative-analysis","tag-emigration","tag-english-language","tag-migration-flows","tag-migration-motives","tag-migratory-status","tag-second-generation","tag-statistical-data"],"jetpack_featured_media_url":"","jetpack_sharing_enabled":true,"_links":{"self":[{"href":"https:\/\/swissmig.unine.ch\/index.php?rest_route=\/wp\/v2\/posts\/1095","targetHints":{"allow":["GET"]}}],"collection":[{"href":"https:\/\/swissmig.unine.ch\/index.php?rest_route=\/wp\/v2\/posts"}],"about":[{"href":"https:\/\/swissmig.unine.ch\/index.php?rest_route=\/wp\/v2\/types\/post"}],"author":[{"embeddable":true,"href":"https:\/\/swissmig.unine.ch\/index.php?rest_route=\/wp\/v2\/users\/4"}],"replies":[{"embeddable":true,"href":"https:\/\/swissmig.unine.ch\/index.php?rest_route=%2Fwp%2Fv2%2Fcomments&post=1095"}],"version-history":[{"count":0,"href":"https:\/\/swissmig.unine.ch\/index.php?rest_route=\/wp\/v2\/posts\/1095\/revisions"}],"wp:attachment":[{"href":"https:\/\/swissmig.unine.ch\/index.php?rest_route=%2Fwp%2Fv2%2Fmedia&parent=1095"}],"wp:term":[{"taxonomy":"category","embeddable":true,"href":"https:\/\/swissmig.unine.ch\/index.php?rest_route=%2Fwp%2Fv2%2Fcategories&post=1095"},{"taxonomy":"post_tag","embeddable":true,"href":"https:\/\/swissmig.unine.ch\/index.php?rest_route=%2Fwp%2Fv2%2Ftags&post=1095"}],"curies":[{"name":"wp","href":"https:\/\/api.w.org\/{rel}","templated":true}]}}