{"id":1077,"date":"2017-11-01T19:58:15","date_gmt":"2017-11-01T18:58:15","guid":{"rendered":"https:\/\/swissmig.wordpress.com\/?p=1077"},"modified":"2017-11-01T19:58:15","modified_gmt":"2017-11-01T18:58:15","slug":"systematisch-benachteiligt-bildungsbeteiligung-und-erfolg-von-jugendlichen-mit-migrationshintergrund","status":"publish","type":"post","link":"https:\/\/swissmig.unine.ch\/?p=1077","title":{"rendered":"Systematisch benachteiligt? Bildungsbeteiligung und -erfolg von Jugendlichen mit Migrationshintergrund"},"content":{"rendered":"<h3>Author(s) : Christoph Zangger, Sandra Gilgen<\/h3>\n<h3>Source : <a href=\"https:\/\/boris.unibe.ch\/id\/eprint\/76392\" target=\"_blank\" rel=\"noopener\">https:\/\/boris.unibe.ch\/id\/eprint\/76392<\/a><\/h3>\n<p><strong>Abstract: <\/strong><!--more--><\/p>\n<blockquote><p>Comment expliquer que les jeunes issus de la migration n\u2019aient pas les m\u00eames chances de formation que ceux qui ne sont pas issus de la migration? Le pr\u00e9sent article aborde cette question en s\u2019appuyant sur des donn\u00e9es collect\u00e9es dans les villes de Berne et de Zurich. Contrairement aux jeunes en provenance de pays non germanophones, qui s\u2019en sortent moins bien que les jeunes Suisses, ceux qui sont d\u2019origine allemande ou autrichienne obtiennent m\u00eame de meilleurs r\u00e9sultats que les Suisses. Il s\u2019av\u00e8re en l\u2019occurrence que ces diff\u00e9rences s\u2019expliquent moins par des difficult\u00e9s qui seraient li\u00e9es \u00e0 la langue que par des effets en lien avec l\u2019origine sociale des jeunes.<\/p><\/blockquote>\n<p>&nbsp;<\/p>\n","protected":false},"excerpt":{"rendered":"<p>Author(s) : Christoph Zangger, Sandra Gilgen Source : https:\/\/boris.unibe.ch\/id\/eprint\/76392 Abstract:<\/p>\n","protected":false},"author":4,"featured_media":0,"comment_status":"open","ping_status":"open","sticky":false,"template":"","format":"standard","meta":{"_kadence_starter_templates_imported_post":false,"_kad_post_transparent":"","_kad_post_title":"","_kad_post_layout":"","_kad_post_sidebar_id":"","_kad_post_content_style":"","_kad_post_vertical_padding":"","_kad_post_feature":"","_kad_post_feature_position":"","_kad_post_header":false,"_kad_post_footer":false,"_kad_post_classname":"","jetpack_post_was_ever_published":false,"_jetpack_newsletter_access":"","_jetpack_dont_email_post_to_subs":false,"_jetpack_newsletter_tier_id":0,"_jetpack_memberships_contains_paywalled_content":false,"_jetpack_memberships_contains_paid_content":false,"footnotes":""},"categories":[61],"tags":[14,7,258,92,77,78,82,52,73,47,118,246],"class_list":["post-1077","post","type-post","status-publish","format-standard","hentry","category-education","tag-14","tag-article","tag-bern","tag-country-of-origin","tag-education-policy","tag-educational-system","tag-ethnic-discrimination","tag-french-language","tag-german-language","tag-social-inequalities","tag-youth","tag-zurich"],"jetpack_featured_media_url":"","jetpack_sharing_enabled":true,"_links":{"self":[{"href":"https:\/\/swissmig.unine.ch\/index.php?rest_route=\/wp\/v2\/posts\/1077","targetHints":{"allow":["GET"]}}],"collection":[{"href":"https:\/\/swissmig.unine.ch\/index.php?rest_route=\/wp\/v2\/posts"}],"about":[{"href":"https:\/\/swissmig.unine.ch\/index.php?rest_route=\/wp\/v2\/types\/post"}],"author":[{"embeddable":true,"href":"https:\/\/swissmig.unine.ch\/index.php?rest_route=\/wp\/v2\/users\/4"}],"replies":[{"embeddable":true,"href":"https:\/\/swissmig.unine.ch\/index.php?rest_route=%2Fwp%2Fv2%2Fcomments&post=1077"}],"version-history":[{"count":0,"href":"https:\/\/swissmig.unine.ch\/index.php?rest_route=\/wp\/v2\/posts\/1077\/revisions"}],"wp:attachment":[{"href":"https:\/\/swissmig.unine.ch\/index.php?rest_route=%2Fwp%2Fv2%2Fmedia&parent=1077"}],"wp:term":[{"taxonomy":"category","embeddable":true,"href":"https:\/\/swissmig.unine.ch\/index.php?rest_route=%2Fwp%2Fv2%2Fcategories&post=1077"},{"taxonomy":"post_tag","embeddable":true,"href":"https:\/\/swissmig.unine.ch\/index.php?rest_route=%2Fwp%2Fv2%2Ftags&post=1077"}],"curies":[{"name":"wp","href":"https:\/\/api.w.org\/{rel}","templated":true}]}}