{"id":1050,"date":"2017-10-19T11:07:23","date_gmt":"2017-10-19T10:07:23","guid":{"rendered":"https:\/\/swissmig.wordpress.com\/?p=1050"},"modified":"2017-10-19T11:07:23","modified_gmt":"2017-10-19T10:07:23","slug":"la-famille-une-source-de-legitimite-pour-les-immigres-apres-la-retraite-le-cas-des-espagnols-et-des-italiens-en-suisse","status":"publish","type":"post","link":"https:\/\/swissmig.unine.ch\/?p=1050","title":{"rendered":"La famille : une source de l\u00e9gitimit\u00e9 pour les immigr\u00e9s apr\u00e8s la retraite ? Le cas des Espagnols et des Italiens en Suisse"},"content":{"rendered":"<h3>Author(s) : Claudio Bolzman, Rosita Fibbi, Marie Vial<\/h3>\n<h3>Source : <a href=\"http:\/\/www.persee.fr\/doc\/remi_0765-0752_2001_num_17_1_1762\" target=\"_blank\" rel=\"noopener\">http:\/\/www.persee.fr\/doc\/remi_0765-0752_2001_num_17_1_1762<\/a><\/h3>\n<p><strong>Abstract: <\/strong><!--more--><\/p>\n<blockquote><p>N\/A<\/p><\/blockquote>\n<p>&nbsp;<\/p>\n","protected":false},"excerpt":{"rendered":"<p>Author(s) : Claudio Bolzman, Rosita Fibbi, Marie Vial Source :&#8230;<\/p>\n","protected":false},"author":4,"featured_media":0,"comment_status":"open","ping_status":"open","sticky":false,"template":"","format":"standard","meta":{"_kadence_starter_templates_imported_post":false,"_kad_post_transparent":"","_kad_post_title":"","_kad_post_layout":"","_kad_post_sidebar_id":"","_kad_post_content_style":"","_kad_post_vertical_padding":"","_kad_post_feature":"","_kad_post_feature_position":"","_kad_post_header":false,"_kad_post_footer":false,"_kad_post_classname":"","jetpack_post_was_ever_published":false,"_jetpack_newsletter_access":"","_jetpack_dont_email_post_to_subs":false,"_jetpack_newsletter_tier_id":0,"_jetpack_memberships_contains_paywalled_content":false,"_jetpack_memberships_contains_paid_content":false,"footnotes":""},"categories":[24],"tags":[101,317,7,142,21,52,175,348,349],"class_list":["post-1050","post","type-post","status-publish","format-standard","hentry","category-society-family-racism","tag-101","tag-ageing","tag-article","tag-elderly","tag-family","tag-french-language","tag-italians","tag-retirement","tag-spaniards"],"jetpack_featured_media_url":"","jetpack_sharing_enabled":true,"_links":{"self":[{"href":"https:\/\/swissmig.unine.ch\/index.php?rest_route=\/wp\/v2\/posts\/1050","targetHints":{"allow":["GET"]}}],"collection":[{"href":"https:\/\/swissmig.unine.ch\/index.php?rest_route=\/wp\/v2\/posts"}],"about":[{"href":"https:\/\/swissmig.unine.ch\/index.php?rest_route=\/wp\/v2\/types\/post"}],"author":[{"embeddable":true,"href":"https:\/\/swissmig.unine.ch\/index.php?rest_route=\/wp\/v2\/users\/4"}],"replies":[{"embeddable":true,"href":"https:\/\/swissmig.unine.ch\/index.php?rest_route=%2Fwp%2Fv2%2Fcomments&post=1050"}],"version-history":[{"count":0,"href":"https:\/\/swissmig.unine.ch\/index.php?rest_route=\/wp\/v2\/posts\/1050\/revisions"}],"wp:attachment":[{"href":"https:\/\/swissmig.unine.ch\/index.php?rest_route=%2Fwp%2Fv2%2Fmedia&parent=1050"}],"wp:term":[{"taxonomy":"category","embeddable":true,"href":"https:\/\/swissmig.unine.ch\/index.php?rest_route=%2Fwp%2Fv2%2Fcategories&post=1050"},{"taxonomy":"post_tag","embeddable":true,"href":"https:\/\/swissmig.unine.ch\/index.php?rest_route=%2Fwp%2Fv2%2Ftags&post=1050"}],"curies":[{"name":"wp","href":"https:\/\/api.w.org\/{rel}","templated":true}]}}